{"id":45983,"date":"2022-07-21T15:02:58","date_gmt":"2022-07-21T19:02:58","guid":{"rendered":"https:\/\/agendaparaguay.com\/v2\/?p=45983"},"modified":"2022-07-22T07:51:33","modified_gmt":"2022-07-22T11:51:33","slug":"presidente-abdo-insta-a-adoptar-un-frente-unido-y-solido-para-combatir-al-crimen-organizado-transnacional","status":"publish","type":"post","link":"https:\/\/agendaparaguay.com\/v2\/2022\/07\/21\/presidente-abdo-insta-a-adoptar-un-frente-unido-y-solido-para-combatir-al-crimen-organizado-transnacional\/","title":{"rendered":"Presidente Abdo insta a adoptar \u00abun frente unido y s\u00f3lido para combatir al crimen organizado transnacional\u00bb"},"content":{"rendered":"<p style=\"text-align: justify;\">Fue durante la apertura oficial de la Reuni\u00f3n de Jefes de Estado y de Gobierno y altas autoridades del Foro para El Progreso y la Integraci\u00f3n de Am\u00e9rica del Sur (PROSUR).<!--more--><\/p>\n<p style=\"text-align: justify;\">\u201cCelebro recibirlos en Paraguay y mantener este espacio de di\u00e1logo en el marco del Foro para el Progreso e Integraci\u00f3n de Am\u00e9rica del Sur (PROSUR), que se ha constituido en una instancia que, sin abanderarse con ideolog\u00edas pol\u00edticas, aspira a dar respuestas a los desaf\u00edos comunes que enfrenta nuestra regi\u00f3n\u201d, dijo el mandatario paraguayo.<\/p>\n<p style=\"text-align: justify;\">Tras someter a consideraci\u00f3n el orden del d\u00eda del encuentro y no habiendo objeciones, se dio poraprobado el orden del d\u00eda.<\/p>\n<p style=\"text-align: justify;\">El presidente Abdo Ben\u00edtez prosigui\u00f3 se\u00f1alando que el prop\u00f3sito fundamental de este encuentro es dar seguimiento a las iniciativas en diversas \u00e1reas, como las de la salud, tr\u00e1nsito de personas, medio ambiente, defensa, energ\u00eda, gesti\u00f3n de riesgo, infraestructura y de seguridad, a fin de avanzar en el intercambio de experiencias y buenas pr\u00e1cticas para fortalecer nuestras instituciones y facilitar el acceso al conocimiento.<\/p>\n<p style=\"text-align: justify;\">No obstante, dio el \u00e9nfasis de esta reuni\u00f3n en la lucha contra el crimen organizado transnacional, que se ha convertido en un enemigo com\u00fan que debemos combatir con un compromiso al m\u00e1s alto nivel y ante el cual debemos unir fuerzas para erradicarlo.<\/p>\n<p style=\"text-align: justify;\">Indic\u00f3 que en las \u00faltimas d\u00e9cadas nos hemos embarcado en esfuerzos de integraci\u00f3n que registraron importantes logros, sin embargo, estos no han sido lo suficientemente eficaces para impedir el avance de este flagelo.<\/p>\n<p style=\"text-align: justify;\">Dijo, igualmente, que la globalizaci\u00f3n, el desarrollo tecnol\u00f3gico y la creciente interdependencia de los pa\u00edses potenci\u00f3 la trata de personas, el tr\u00e1fico ilegal de armas y drogas, el terrorismo y el lavado de activos.<\/p>\n<p style=\"text-align: justify;\">\u201cEl gran desaf\u00edo que enfrentamos es desarrollar herramientas conjuntas para dar una respuesta regional coordinada, a fin de combatir las amenazas a la seguridad en sus diferentes dimensiones\u201d, remarc\u00f3.<\/p>\n<p style=\"text-align: justify;\">Indic\u00f3 que fortalecer la capacidad de respuesta de las fuerzas del orden p\u00fablico es un imperativo para nuestros gobiernos, con miras a luchar contra los grupos criminales transnacionales, cuyos recursos superan los nuestros.<\/p>\n<p style=\"text-align: justify;\">Record\u00f3 el asesinato del fiscal Marcelo Pecci y se\u00f1al\u00f3 que en fechas recientes fuimos testigos de que la criminalidad no reconoce fronteras ni respeta jurisdicciones, exponiendo un desprecio absoluto hacia la vida humana y que por ello es necesario dar un mensaje contundente para enfrentarla, mediante una lucha que articule e integre todos los estamentos de nuestros Estados y las diferentes instancias de seguridad.<\/p>\n<p style=\"text-align: justify;\">\u201cCreemos que, en base a la experiencia adquirida, debemos fortalecer el proceso de intercambio de cursos de acci\u00f3n que podr\u00edamos adoptar en forma conjunta para constituir un frente regional unido y s\u00f3lido que pueda generar una red de alianzas, basada en la confianza mutua, fomentando un abordaje amplio que permita combatir esta problem\u00e1tica en su compleja dimensi\u00f3n\u201d, concluy\u00f3. Fuente: Canciller\u00eda<\/p>\n","protected":false},"excerpt":{"rendered":"<p>Fue durante la apertura oficial de la Reuni\u00f3n de Jefes de Estado y de Gobierno y altas autoridades del Foro para El Progreso y la Integraci\u00f3n de Am\u00e9rica del Sur&hellip; <\/p>\n","protected":false},"author":1,"featured_media":45984,"comment_status":"closed","ping_status":"open","sticky":false,"template":"","format":"standard","meta":{"sfsi_plus_gutenberg_text_before_share":"","sfsi_plus_gutenberg_show_text_before_share":"","sfsi_plus_gutenberg_icon_type":"","sfsi_plus_gutenberg_icon_alignemt":"","sfsi_plus_gutenburg_max_per_row":"","footnotes":"","_jetpack_memberships_contains_paid_content":false,"jetpack_publicize_message":"","jetpack_publicize_feature_enabled":true,"jetpack_social_post_already_shared":true,"jetpack_social_options":{"image_generator_settings":{"template":"highway","enabled":false},"version":2}},"categories":[2],"tags":[],"jetpack_publicize_connections":[],"jetpack_sharing_enabled":true,"jetpack_featured_media_url":"https:\/\/agendaparaguay.com\/v2\/wp-content\/uploads\/2022\/07\/marito_abdo_canciller.jpg","_links":{"self":[{"href":"https:\/\/agendaparaguay.com\/v2\/wp-json\/wp\/v2\/posts\/45983"}],"collection":[{"href":"https:\/\/agendaparaguay.com\/v2\/wp-json\/wp\/v2\/posts"}],"about":[{"href":"https:\/\/agendaparaguay.com\/v2\/wp-json\/wp\/v2\/types\/post"}],"author":[{"embeddable":true,"href":"https:\/\/agendaparaguay.com\/v2\/wp-json\/wp\/v2\/users\/1"}],"replies":[{"embeddable":true,"href":"https:\/\/agendaparaguay.com\/v2\/wp-json\/wp\/v2\/comments?post=45983"}],"version-history":[{"count":1,"href":"https:\/\/agendaparaguay.com\/v2\/wp-json\/wp\/v2\/posts\/45983\/revisions"}],"predecessor-version":[{"id":45985,"href":"https:\/\/agendaparaguay.com\/v2\/wp-json\/wp\/v2\/posts\/45983\/revisions\/45985"}],"wp:featuredmedia":[{"embeddable":true,"href":"https:\/\/agendaparaguay.com\/v2\/wp-json\/wp\/v2\/media\/45984"}],"wp:attachment":[{"href":"https:\/\/agendaparaguay.com\/v2\/wp-json\/wp\/v2\/media?parent=45983"}],"wp:term":[{"taxonomy":"category","embeddable":true,"href":"https:\/\/agendaparaguay.com\/v2\/wp-json\/wp\/v2\/categories?post=45983"},{"taxonomy":"post_tag","embeddable":true,"href":"https:\/\/agendaparaguay.com\/v2\/wp-json\/wp\/v2\/tags?post=45983"}],"curies":[{"name":"wp","href":"https:\/\/api.w.org\/{rel}","templated":true}]}}