{"id":45990,"date":"2022-07-22T08:30:38","date_gmt":"2022-07-22T12:30:38","guid":{"rendered":"https:\/\/agendaparaguay.com\/v2\/?p=45990"},"modified":"2022-07-22T09:44:08","modified_gmt":"2022-07-22T13:44:08","slug":"euclides-sigue-con-candidatura-fuera-de-la-concertacion-estoy-en-mi-mejor-momento","status":"publish","type":"post","link":"https:\/\/agendaparaguay.com\/v2\/2022\/07\/22\/euclides-sigue-con-candidatura-fuera-de-la-concertacion-estoy-en-mi-mejor-momento\/","title":{"rendered":"Euclides sigue con candidatura fuera de la Concertaci\u00f3n: \u00abEstoy en mi mejor momento\u00bb"},"content":{"rendered":"<p style=\"text-align: justify;\">El candidato a la presidencia del Paraguay por Nueva Rep\u00fablica, Euclides Acevedo mencion\u00f3 que est\u00e1 en \u00absu mejor momento\u00bb y asegur\u00f3 que todos los ataques que recibe, lo ponen como un contrincante fuerte para las pr\u00f3ximas elecciones del 2023.<!--more--><\/p>\n<p style=\"text-align: justify;\">El presidenciable asegur\u00f3 que las cr\u00edticas le fortalecen, y que los calificativos como \u00abboludo\u00bb o \u00abmu\u00f1equito de torta\u00bb, no har\u00e1n que desista de seguir al frente con su candidatura.<\/p>\n<p style=\"text-align: justify;\">Afirma que se siente preparado para asumir la responsabilidad de asumir la presidencia de la rep\u00fablica.<\/p>\n<p style=\"text-align: justify;\">\u00abBusco ser un presidente popular, comunero, inclusivo, porque yo saldr\u00e9 a hablar con la gente y sobre todo voy a escucharlos, porque eso es lo que les falta a los pol\u00edticos, deben de escuchar y callarse m\u00e1s\u00bb, expres\u00f3 Acevedo.<\/p>\n<p style=\"text-align: justify;\">Finalmente, expres\u00f3 su capacidad para el puesto debido a su trayectoria, los cargos que ocup\u00f3, pero por sobre todo que nunca recibi\u00f3 ni una sola denuncia por corrupci\u00f3n durante su gesti\u00f3n.<\/p>\n<p style=\"text-align: justify;\">Cabe destacar que Euclides Acevedo se encuentra recorriendo el pa\u00eds, en el marco de la campa\u00f1a electoral para presentar su propuesta fresca e innovadora de una Nueva Rep\u00fablica, la cual se crear\u00e1 bajo la administraci\u00f3n de un Gobierno Tricolor, conformado por un Gabinete Igualitario.<\/p>\n","protected":false},"excerpt":{"rendered":"<p>El candidato a la presidencia del Paraguay por Nueva Rep\u00fablica, Euclides Acevedo mencion\u00f3 que est\u00e1 en \u00absu mejor momento\u00bb y asegur\u00f3 que todos los ataques que recibe, lo ponen como&hellip; <\/p>\n","protected":false},"author":1,"featured_media":45991,"comment_status":"closed","ping_status":"open","sticky":false,"template":"","format":"standard","meta":{"sfsi_plus_gutenberg_text_before_share":"","sfsi_plus_gutenberg_show_text_before_share":"","sfsi_plus_gutenberg_icon_type":"","sfsi_plus_gutenberg_icon_alignemt":"","sfsi_plus_gutenburg_max_per_row":"","footnotes":"","_jetpack_memberships_contains_paid_content":false,"jetpack_publicize_message":"","jetpack_publicize_feature_enabled":true,"jetpack_social_post_already_shared":true,"jetpack_social_options":{"image_generator_settings":{"template":"highway","enabled":false},"version":2}},"categories":[2],"tags":[],"jetpack_publicize_connections":[],"jetpack_sharing_enabled":true,"jetpack_featured_media_url":"https:\/\/agendaparaguay.com\/v2\/wp-content\/uploads\/2022\/07\/euclides_acevedo.jpg","_links":{"self":[{"href":"https:\/\/agendaparaguay.com\/v2\/wp-json\/wp\/v2\/posts\/45990"}],"collection":[{"href":"https:\/\/agendaparaguay.com\/v2\/wp-json\/wp\/v2\/posts"}],"about":[{"href":"https:\/\/agendaparaguay.com\/v2\/wp-json\/wp\/v2\/types\/post"}],"author":[{"embeddable":true,"href":"https:\/\/agendaparaguay.com\/v2\/wp-json\/wp\/v2\/users\/1"}],"replies":[{"embeddable":true,"href":"https:\/\/agendaparaguay.com\/v2\/wp-json\/wp\/v2\/comments?post=45990"}],"version-history":[{"count":1,"href":"https:\/\/agendaparaguay.com\/v2\/wp-json\/wp\/v2\/posts\/45990\/revisions"}],"predecessor-version":[{"id":45992,"href":"https:\/\/agendaparaguay.com\/v2\/wp-json\/wp\/v2\/posts\/45990\/revisions\/45992"}],"wp:featuredmedia":[{"embeddable":true,"href":"https:\/\/agendaparaguay.com\/v2\/wp-json\/wp\/v2\/media\/45991"}],"wp:attachment":[{"href":"https:\/\/agendaparaguay.com\/v2\/wp-json\/wp\/v2\/media?parent=45990"}],"wp:term":[{"taxonomy":"category","embeddable":true,"href":"https:\/\/agendaparaguay.com\/v2\/wp-json\/wp\/v2\/categories?post=45990"},{"taxonomy":"post_tag","embeddable":true,"href":"https:\/\/agendaparaguay.com\/v2\/wp-json\/wp\/v2\/tags?post=45990"}],"curies":[{"name":"wp","href":"https:\/\/api.w.org\/{rel}","templated":true}]}}