{"id":46276,"date":"2022-08-01T15:30:35","date_gmt":"2022-08-01T19:30:35","guid":{"rendered":"https:\/\/agendaparaguay.com\/v2\/?p=46276"},"modified":"2022-08-01T18:27:04","modified_gmt":"2022-08-01T22:27:04","slug":"horacio-cartes-no-concurrira-ante-la-cbi-este-martes","status":"publish","type":"post","link":"https:\/\/agendaparaguay.com\/v2\/2022\/08\/01\/horacio-cartes-no-concurrira-ante-la-cbi-este-martes\/","title":{"rendered":"Horacio Cartes no concurrir\u00e1 ante la CBI este martes"},"content":{"rendered":"<p style=\"text-align: justify;\">La informaci\u00f3n fue confirmada por el abogado Pedro Ovelar quien asunci\u00f3 de esta forma que el ex mandatario no comparecer\u00e1 ante la Comisi\u00f3n Bicameral de Investigaci\u00f3n sobre Lavado de Dinero.<!--more--><\/p>\n<p style=\"text-align: justify;\">\u00abEl Senador electo y vitalicio Sr. Horacio Cartes ha justificado constitucional y legalmente su no comparecencia para el d\u00eda de ma\u00f1ana ante la Comisi\u00f3n Bicameral de Investigaci\u00f3n del Congreso\u00bb, expres\u00f3 Ovelar a trav\u00e9s de su cuenta en la red social Twitter.<\/p>\n<p style=\"text-align: justify;\">\u201cNo ostento ninguno de los cargos p\u00fablicos taxativamente previstos en la norma constitucional, sino que ostento el doble car\u00e1cter de senador vitalicio y senador electo y proclamado. Esto \u00faltimo impide, asimismo que se me pueda considerar un particular, en el marco de la investigaci\u00f3n llevada adelante por la comisi\u00f3n, ya que, conforme se hizo p\u00fablico a trav\u00e9s de diversos medios de prensa, el motivo de la citaci\u00f3n es la declaraci\u00f3n realizada d\u00edas atr\u00e1s por el embajador de los Estados Unidos, en las que se me atribuyen hechos supuestamente ocurridos durante mi mandato presidencial\u201d, se\u00f1ala parte del texto presentado por Ovelar.<\/p>\n<p style=\"text-align: justify;\">\u201cEn segundo lugar ante las consideraciones antes realizadas, me encuentro comprendido entre los sujetos exceptuados al deber de concurrir ante las convocatorias que las comisiones conjuntas de investigaci\u00f3n realicen, de conformidad a las reglas previstas en el art. 341 del C\u00f3digo Procesal Civil\u201d, a\u00f1ade el documento.<\/p>\n<p style=\"text-align: justify;\">Cabe destacar que la Comisi\u00f3n Bicameral de Investigaci\u00f3n que preside el senador Jorge Querey convoc\u00f3 al exmandatario para este martes 2 de agosto.<\/p>\n","protected":false},"excerpt":{"rendered":"<p>La informaci\u00f3n fue confirmada por el abogado Pedro Ovelar quien asunci\u00f3 de esta forma que el ex mandatario no comparecer\u00e1 ante la Comisi\u00f3n Bicameral de Investigaci\u00f3n sobre Lavado de Dinero.<\/p>\n","protected":false},"author":1,"featured_media":40502,"comment_status":"closed","ping_status":"open","sticky":false,"template":"","format":"standard","meta":{"sfsi_plus_gutenberg_text_before_share":"","sfsi_plus_gutenberg_show_text_before_share":"","sfsi_plus_gutenberg_icon_type":"","sfsi_plus_gutenberg_icon_alignemt":"","sfsi_plus_gutenburg_max_per_row":"","footnotes":"","_jetpack_memberships_contains_paid_content":false,"jetpack_publicize_message":"","jetpack_publicize_feature_enabled":true,"jetpack_social_post_already_shared":true,"jetpack_social_options":{"image_generator_settings":{"template":"highway","enabled":false},"version":2}},"categories":[2],"tags":[],"jetpack_publicize_connections":[],"jetpack_sharing_enabled":true,"jetpack_featured_media_url":"https:\/\/agendaparaguay.com\/v2\/wp-content\/uploads\/2022\/02\/horacio_cartes.jpg","_links":{"self":[{"href":"https:\/\/agendaparaguay.com\/v2\/wp-json\/wp\/v2\/posts\/46276"}],"collection":[{"href":"https:\/\/agendaparaguay.com\/v2\/wp-json\/wp\/v2\/posts"}],"about":[{"href":"https:\/\/agendaparaguay.com\/v2\/wp-json\/wp\/v2\/types\/post"}],"author":[{"embeddable":true,"href":"https:\/\/agendaparaguay.com\/v2\/wp-json\/wp\/v2\/users\/1"}],"replies":[{"embeddable":true,"href":"https:\/\/agendaparaguay.com\/v2\/wp-json\/wp\/v2\/comments?post=46276"}],"version-history":[{"count":1,"href":"https:\/\/agendaparaguay.com\/v2\/wp-json\/wp\/v2\/posts\/46276\/revisions"}],"predecessor-version":[{"id":46277,"href":"https:\/\/agendaparaguay.com\/v2\/wp-json\/wp\/v2\/posts\/46276\/revisions\/46277"}],"wp:featuredmedia":[{"embeddable":true,"href":"https:\/\/agendaparaguay.com\/v2\/wp-json\/wp\/v2\/media\/40502"}],"wp:attachment":[{"href":"https:\/\/agendaparaguay.com\/v2\/wp-json\/wp\/v2\/media?parent=46276"}],"wp:term":[{"taxonomy":"category","embeddable":true,"href":"https:\/\/agendaparaguay.com\/v2\/wp-json\/wp\/v2\/categories?post=46276"},{"taxonomy":"post_tag","embeddable":true,"href":"https:\/\/agendaparaguay.com\/v2\/wp-json\/wp\/v2\/tags?post=46276"}],"curies":[{"name":"wp","href":"https:\/\/api.w.org\/{rel}","templated":true}]}}