{"id":46283,"date":"2022-08-01T22:19:24","date_gmt":"2022-08-02T02:19:24","guid":{"rendered":"https:\/\/agendaparaguay.com\/v2\/?p=46283"},"modified":"2022-08-02T07:16:02","modified_gmt":"2022-08-02T11:16:02","slug":"juicio-politico-nuevo-cuarto-intermedio-y-quedan-tres-causales-para-analizar-este-martes","status":"publish","type":"post","link":"https:\/\/agendaparaguay.com\/v2\/2022\/08\/01\/juicio-politico-nuevo-cuarto-intermedio-y-quedan-tres-causales-para-analizar-este-martes\/","title":{"rendered":"Juicio Pol\u00edtico: Nuevo cuarto intermedio y quedan tres causales para analizar este martes"},"content":{"rendered":"<p style=\"text-align: justify;\">El plenario de la C\u00e1mara de Diputados, bajo presidencia del parlamentario Carlos Mar\u00eda L\u00f3pez, resolvi\u00f3 declarar un nuevo cuarto intermedio en el estudio de las causales que componen el libelo acusatorio contra la fiscal general del Estado, Sandra Qui\u00f1\u00f3nez. El debate acerca de los \u00faltimos tres puntos (son once en total), seguir\u00e1 este martes, desde las 14 horas.<!--more--><\/p>\n<p style=\"text-align: justify;\">En la jornada del d\u00eda lunes, un extenso debate gir\u00f3 en torno a la causal N\u00b0 8 del libelo acusatorio: \u201cFallido Metrob\u00fas\u201d, con muchas exposiciones que cuestionaron el nulo accionar del Ministerio P\u00fablico para investigar y sancionar a los responsables del fracaso que perjudic\u00f3 severamente a miles de familias trabajadoras, seg\u00fan se enfatiz\u00f3.<\/p>\n<p style=\"text-align: justify;\">En contrapartida, la bancada \u201cHonor Colorado\u201d sostuvo que estamentos como la Municipalidad de Asunci\u00f3n, a cargo de Mario Ferreiro, en aquel momento, \u201cno hicieron lo que ten\u00edan que hacer\u201d, y atentaron contra el \u00e9xito del proyecto.<\/p>\n<p style=\"text-align: justify;\">Tambi\u00e9n criticaron al actual ministro de Obras P\u00fablicas, Arnoldo Wiens.<\/p>\n<p style=\"text-align: justify;\">Cabe resumir que la posici\u00f3n de los acusadores se fundament\u00f3 en la \u201cinacci\u00f3n del Ministerio P\u00fablico para la investigaci\u00f3n y sanci\u00f3n a los autores y c\u00f3mplices\u201d.<\/p>\n<p style=\"text-align: justify;\">Recordaron sendas denuncias de presuntos hechos punibles, que incluyen \u201cda\u00f1o patrimonial al presupuesto p\u00fablico\u201d con la construcci\u00f3n inconclusa de la obra conocida como \u201cProyecto de Reconversi\u00f3n Urbana y Metrob\u00fas\u201d.<\/p>\n<p style=\"text-align: justify;\">\u201cA pesar de contar con evidencia suficiente para la persecuci\u00f3n e investigaci\u00f3n penal; y siendo \u00e9ste un caso emblem\u00e1tico, se evidenci\u00f3 que no existe decisi\u00f3n pol\u00edtica de llegar a la verdad real, investigar efectivamente y, en su caso, sancionar a los autores y c\u00f3mplices de hechos punibles sumamente graves para la institucionalidad de la Rep\u00fablica\u201d, refiere la argumentaci\u00f3n oficial.<\/p>\n<p style=\"text-align: justify;\">Restan tres causales<\/p>\n<p style=\"text-align: justify;\">A partir de este martes, 2 de agosto, a partir de las 14:00 horas, la C\u00e1mara Baja reiniciar\u00e1 el debate de las causales que forman parte del pedido de juicio pol\u00edtico a Sandra Qui\u00f1\u00f3nez. Restan por estudiar tres causales.<\/p>\n<p style=\"text-align: justify;\">Los puntos pendientes de an\u00e1lisis son:<\/p>\n<p style=\"text-align: justify;\">-Ineficiencia y negligencia en la gesti\u00f3n administrativa-presupuestaria del Ministerio P\u00fablico.<\/p>\n<p style=\"text-align: justify;\">-Impunidad de la corrupci\u00f3n en intendencias y gobernaciones.<\/p>\n<p style=\"text-align: justify;\">-Inacci\u00f3n o negligencia del Ministerio P\u00fablico.<\/p>\n<p style=\"text-align: justify;\">Finalmente, cabe recordar que luego de una modificaci\u00f3n del reglamento interno, confirmada la semana pasada, las sesiones convocadas para procesos (en todas sus etapas), de juicio pol\u00edtico, intervenciones, interpelaciones y sanciones a diputados, \u201cser\u00e1n, indefectiblemente, en modalidad presencial\u201d.<\/p>\n<p style=\"text-align: justify;\">Esto entr\u00f3 a regir desde la sesi\u00f3n extraordinaria del d\u00eda de hoy. Fuente: Diputados<\/p>\n<p>&nbsp;<\/p>\n<p>&nbsp;<\/p>\n","protected":false},"excerpt":{"rendered":"<p>El plenario de la C\u00e1mara de Diputados, bajo presidencia del parlamentario Carlos Mar\u00eda L\u00f3pez, resolvi\u00f3 declarar un nuevo cuarto intermedio en el estudio de las causales que componen el libelo&hellip; <\/p>\n","protected":false},"author":1,"featured_media":43688,"comment_status":"closed","ping_status":"open","sticky":false,"template":"","format":"standard","meta":{"sfsi_plus_gutenberg_text_before_share":"","sfsi_plus_gutenberg_show_text_before_share":"","sfsi_plus_gutenberg_icon_type":"","sfsi_plus_gutenberg_icon_alignemt":"","sfsi_plus_gutenburg_max_per_row":"","footnotes":"","_jetpack_memberships_contains_paid_content":false,"jetpack_publicize_message":"","jetpack_publicize_feature_enabled":true,"jetpack_social_post_already_shared":true,"jetpack_social_options":{"image_generator_settings":{"template":"highway","enabled":false},"version":2}},"categories":[4],"tags":[],"jetpack_publicize_connections":[],"jetpack_sharing_enabled":true,"jetpack_featured_media_url":"https:\/\/agendaparaguay.com\/v2\/wp-content\/uploads\/2022\/05\/pleno_diputados_mayo.jpg","_links":{"self":[{"href":"https:\/\/agendaparaguay.com\/v2\/wp-json\/wp\/v2\/posts\/46283"}],"collection":[{"href":"https:\/\/agendaparaguay.com\/v2\/wp-json\/wp\/v2\/posts"}],"about":[{"href":"https:\/\/agendaparaguay.com\/v2\/wp-json\/wp\/v2\/types\/post"}],"author":[{"embeddable":true,"href":"https:\/\/agendaparaguay.com\/v2\/wp-json\/wp\/v2\/users\/1"}],"replies":[{"embeddable":true,"href":"https:\/\/agendaparaguay.com\/v2\/wp-json\/wp\/v2\/comments?post=46283"}],"version-history":[{"count":1,"href":"https:\/\/agendaparaguay.com\/v2\/wp-json\/wp\/v2\/posts\/46283\/revisions"}],"predecessor-version":[{"id":46284,"href":"https:\/\/agendaparaguay.com\/v2\/wp-json\/wp\/v2\/posts\/46283\/revisions\/46284"}],"wp:featuredmedia":[{"embeddable":true,"href":"https:\/\/agendaparaguay.com\/v2\/wp-json\/wp\/v2\/media\/43688"}],"wp:attachment":[{"href":"https:\/\/agendaparaguay.com\/v2\/wp-json\/wp\/v2\/media?parent=46283"}],"wp:term":[{"taxonomy":"category","embeddable":true,"href":"https:\/\/agendaparaguay.com\/v2\/wp-json\/wp\/v2\/categories?post=46283"},{"taxonomy":"post_tag","embeddable":true,"href":"https:\/\/agendaparaguay.com\/v2\/wp-json\/wp\/v2\/tags?post=46283"}],"curies":[{"name":"wp","href":"https:\/\/api.w.org\/{rel}","templated":true}]}}