{"id":47215,"date":"2022-09-06T20:34:57","date_gmt":"2022-09-07T00:34:57","guid":{"rendered":"https:\/\/agendaparaguay.com\/v2\/?p=47215"},"modified":"2022-09-07T07:11:07","modified_gmt":"2022-09-07T11:11:07","slug":"senado-aprueba-establecer-el-9-de-noviembre-como-feriado-para-realizar-el-censo-nacional","status":"publish","type":"post","link":"https:\/\/agendaparaguay.com\/v2\/2022\/09\/06\/senado-aprueba-establecer-el-9-de-noviembre-como-feriado-para-realizar-el-censo-nacional\/","title":{"rendered":"Senado aprueba establecer el 9 de noviembre como feriado para realizar el Censo Nacional"},"content":{"rendered":"<p style=\"text-align: justify;\">La c\u00e1mara de Senadores aprob\u00f3 el proyecto de ley que permite decretar feriado el 9 de noviembre feriado para la realizaci\u00f3n del Censo Nacional de Poblaci\u00f3n y Vivienda 2022. La media sanci\u00f3n se remitir\u00e1 a la c\u00e1mara de Diputados.<!--more--><\/p>\n<p style=\"text-align: justify;\">Se anuncia para ese d\u00eda la movilizaci\u00f3n de m\u00e1s de 210.000 participantes, entre censistas y supervisores, para el operativo.<\/p>\n<p style=\"text-align: justify;\">Adem\u00e1s, junto con el Censo Nacional de Poblaci\u00f3n y Vivienda se realizar\u00e1 el IV Censo Nacional Ind\u00edgena, que prev\u00e9 a unos 117.150 miembros de 19 pueblos ind\u00edgenas.<\/p>\n<p style=\"text-align: justify;\">En el marco de la organizaci\u00f3n del Censo, se procede a la actualizaci\u00f3n cartogr\u00e1fica de todos los distritos del pa\u00eds. Este proceso, llamado \u00abpre-censo\u00bb, implica mapear las unidades de viviendas, unidades econ\u00f3micas y referencias con las informaciones asociadas.<\/p>\n","protected":false},"excerpt":{"rendered":"<p>La c\u00e1mara de Senadores aprob\u00f3 el proyecto de ley que permite decretar feriado el 9 de noviembre feriado para la realizaci\u00f3n del Censo Nacional de Poblaci\u00f3n y Vivienda 2022. La&hellip; <\/p>\n","protected":false},"author":1,"featured_media":43576,"comment_status":"closed","ping_status":"open","sticky":false,"template":"","format":"standard","meta":{"sfsi_plus_gutenberg_text_before_share":"","sfsi_plus_gutenberg_show_text_before_share":"","sfsi_plus_gutenberg_icon_type":"","sfsi_plus_gutenberg_icon_alignemt":"","sfsi_plus_gutenburg_max_per_row":"","footnotes":"","_jetpack_memberships_contains_paid_content":false,"jetpack_publicize_message":"","jetpack_publicize_feature_enabled":true,"jetpack_social_post_already_shared":true,"jetpack_social_options":{"image_generator_settings":{"template":"highway","enabled":false},"version":2}},"categories":[3],"tags":[],"jetpack_publicize_connections":[],"jetpack_sharing_enabled":true,"jetpack_featured_media_url":"https:\/\/agendaparaguay.com\/v2\/wp-content\/uploads\/2022\/05\/censos_ivan_ojeda.jpg","_links":{"self":[{"href":"https:\/\/agendaparaguay.com\/v2\/wp-json\/wp\/v2\/posts\/47215"}],"collection":[{"href":"https:\/\/agendaparaguay.com\/v2\/wp-json\/wp\/v2\/posts"}],"about":[{"href":"https:\/\/agendaparaguay.com\/v2\/wp-json\/wp\/v2\/types\/post"}],"author":[{"embeddable":true,"href":"https:\/\/agendaparaguay.com\/v2\/wp-json\/wp\/v2\/users\/1"}],"replies":[{"embeddable":true,"href":"https:\/\/agendaparaguay.com\/v2\/wp-json\/wp\/v2\/comments?post=47215"}],"version-history":[{"count":1,"href":"https:\/\/agendaparaguay.com\/v2\/wp-json\/wp\/v2\/posts\/47215\/revisions"}],"predecessor-version":[{"id":47216,"href":"https:\/\/agendaparaguay.com\/v2\/wp-json\/wp\/v2\/posts\/47215\/revisions\/47216"}],"wp:featuredmedia":[{"embeddable":true,"href":"https:\/\/agendaparaguay.com\/v2\/wp-json\/wp\/v2\/media\/43576"}],"wp:attachment":[{"href":"https:\/\/agendaparaguay.com\/v2\/wp-json\/wp\/v2\/media?parent=47215"}],"wp:term":[{"taxonomy":"category","embeddable":true,"href":"https:\/\/agendaparaguay.com\/v2\/wp-json\/wp\/v2\/categories?post=47215"},{"taxonomy":"post_tag","embeddable":true,"href":"https:\/\/agendaparaguay.com\/v2\/wp-json\/wp\/v2\/tags?post=47215"}],"curies":[{"name":"wp","href":"https:\/\/api.w.org\/{rel}","templated":true}]}}