{"id":47253,"date":"2022-09-07T16:49:13","date_gmt":"2022-09-07T20:49:13","guid":{"rendered":"https:\/\/agendaparaguay.com\/v2\/?p=47253"},"modified":"2022-09-08T07:08:04","modified_gmt":"2022-09-08T11:08:04","slug":"diputados-rechazan-por-cuarta-vez-juicio-politico-a-sandra-quinonez","status":"publish","type":"post","link":"https:\/\/agendaparaguay.com\/v2\/2022\/09\/07\/diputados-rechazan-por-cuarta-vez-juicio-politico-a-sandra-quinonez\/","title":{"rendered":"Diputados rechazan por cuarta vez juicio pol\u00edtico a Sandra Qui\u00f1onez"},"content":{"rendered":"<p style=\"text-align: justify;\">Tras una breve presentaci\u00f3n del libelo acusatorio por parte del diputado del PLRA, Pastor Vera Bejarano, donde mencion\u00f3 aspectos que hacen a la vinculaci\u00f3n de Sebasti\u00e1n Marcet a A ULTRANZAPY, el pleno de la c\u00e1mara baja someti\u00f3 a votaci\u00f3n nominal el pedido de juicio pol\u00edtico a la Fiscal General del Estado, Sandra Qui\u00f1onez.<!--more--><\/p>\n<p style=\"text-align: justify;\">El documento hab\u00eda sido presentado por un grupo de legisladores liberales quienes la vez anterior se prestaron a dar cu\u00f3rum para que la acusaci\u00f3n se env\u00ede al archivo.<\/p>\n<p style=\"text-align: justify;\">La propuesta necesitaba de la mayor\u00eda de dos tercios, es decir, 53 votos, lo que no se pudo ajustar por lo que el documento fue enviado al archivo.<\/p>\n","protected":false},"excerpt":{"rendered":"<p>Tras una breve presentaci\u00f3n del libelo acusatorio por parte del diputado del PLRA, Pastor Vera Bejarano, donde mencion\u00f3 aspectos que hacen a la vinculaci\u00f3n de Sebasti\u00e1n Marcet a A ULTRANZAPY,&hellip; <\/p>\n","protected":false},"author":1,"featured_media":9055,"comment_status":"closed","ping_status":"open","sticky":false,"template":"","format":"standard","meta":{"sfsi_plus_gutenberg_text_before_share":"","sfsi_plus_gutenberg_show_text_before_share":"","sfsi_plus_gutenberg_icon_type":"","sfsi_plus_gutenberg_icon_alignemt":"","sfsi_plus_gutenburg_max_per_row":"","footnotes":"","_jetpack_memberships_contains_paid_content":false,"jetpack_publicize_message":"","jetpack_publicize_feature_enabled":true,"jetpack_social_post_already_shared":true,"jetpack_social_options":{"image_generator_settings":{"template":"highway","enabled":false},"version":2}},"categories":[4],"tags":[],"jetpack_publicize_connections":[],"jetpack_sharing_enabled":true,"jetpack_featured_media_url":"https:\/\/agendaparaguay.com\/v2\/wp-content\/uploads\/2019\/06\/fge_sandra_qui\u00f1onez_3.jpeg","_links":{"self":[{"href":"https:\/\/agendaparaguay.com\/v2\/wp-json\/wp\/v2\/posts\/47253"}],"collection":[{"href":"https:\/\/agendaparaguay.com\/v2\/wp-json\/wp\/v2\/posts"}],"about":[{"href":"https:\/\/agendaparaguay.com\/v2\/wp-json\/wp\/v2\/types\/post"}],"author":[{"embeddable":true,"href":"https:\/\/agendaparaguay.com\/v2\/wp-json\/wp\/v2\/users\/1"}],"replies":[{"embeddable":true,"href":"https:\/\/agendaparaguay.com\/v2\/wp-json\/wp\/v2\/comments?post=47253"}],"version-history":[{"count":1,"href":"https:\/\/agendaparaguay.com\/v2\/wp-json\/wp\/v2\/posts\/47253\/revisions"}],"predecessor-version":[{"id":47254,"href":"https:\/\/agendaparaguay.com\/v2\/wp-json\/wp\/v2\/posts\/47253\/revisions\/47254"}],"wp:featuredmedia":[{"embeddable":true,"href":"https:\/\/agendaparaguay.com\/v2\/wp-json\/wp\/v2\/media\/9055"}],"wp:attachment":[{"href":"https:\/\/agendaparaguay.com\/v2\/wp-json\/wp\/v2\/media?parent=47253"}],"wp:term":[{"taxonomy":"category","embeddable":true,"href":"https:\/\/agendaparaguay.com\/v2\/wp-json\/wp\/v2\/categories?post=47253"},{"taxonomy":"post_tag","embeddable":true,"href":"https:\/\/agendaparaguay.com\/v2\/wp-json\/wp\/v2\/tags?post=47253"}],"curies":[{"name":"wp","href":"https:\/\/api.w.org\/{rel}","templated":true}]}}