{"id":47258,"date":"2022-09-07T17:40:40","date_gmt":"2022-09-07T21:40:40","guid":{"rendered":"https:\/\/agendaparaguay.com\/v2\/?p=47258"},"modified":"2022-09-08T07:08:14","modified_gmt":"2022-09-08T11:08:14","slug":"euclides-visitara-a-compatriotas-residentes-en-argentina","status":"publish","type":"post","link":"https:\/\/agendaparaguay.com\/v2\/2022\/09\/07\/euclides-visitara-a-compatriotas-residentes-en-argentina\/","title":{"rendered":"Euclides visitar\u00e1 a compatriotas residentes en Argentina"},"content":{"rendered":"<p style=\"text-align: justify;\">El candidato a la presidencia por el Movimiento Nueva Rep\u00fablica, Euclides Acevedo, visitar\u00e1 este fin de semana la ciudad de Buenos Aires, Argentina, para reunirse con paraguayos residentes en ese pa\u00eds.<!--more--><\/p>\n<p style=\"text-align: justify;\">El objetivo de este viaje es escuchar a los compatriotas y las necesidades de sus familiares en Paraguay. Cabe destacar que en Argentina actualmente viven aproximadamente dos millones de paraguayos.<\/p>\n<p style=\"text-align: justify;\">Durante su visita al vecino pa\u00eds, preve dos encuentros, el primero ser\u00e1 el d\u00eda s\u00e1bado 10 de setiembre, en Casa Paraguaya Argentina, de la Provincia de Moreno a las 16:00 hs. El segundo encuentro se realizar\u00e1 el domingo 11, a las 10:00hs con el Movimiento Migrantes Paraguayos de Argentina en la \u201cQuinta El ensue\u00f1o\u201d<\/p>\n<p style=\"text-align: justify;\">Euclides conoci\u00f3 de cerca el techanga\u00b4u y el vivir en otras tierras por ello dijo que no hay nada peor que morir lejos de la patria, por lo que trabajar\u00e1 para que quienes quieran volver, tengan un sitio y si no, para poder convivir desde donde elijan quedarse, pero por sobre todas las cosas poder ser libre y tener la garant\u00eda de que el Paraguay los recibir\u00e1 con los brazos abiertos con trabajo, salud y educaci\u00f3n.<\/p>\n","protected":false},"excerpt":{"rendered":"<p>El candidato a la presidencia por el Movimiento Nueva Rep\u00fablica, Euclides Acevedo, visitar\u00e1 este fin de semana la ciudad de Buenos Aires, Argentina, para reunirse con paraguayos residentes en ese&hellip; <\/p>\n","protected":false},"author":1,"featured_media":31369,"comment_status":"closed","ping_status":"open","sticky":false,"template":"","format":"standard","meta":{"sfsi_plus_gutenberg_text_before_share":"","sfsi_plus_gutenberg_show_text_before_share":"","sfsi_plus_gutenberg_icon_type":"","sfsi_plus_gutenberg_icon_alignemt":"","sfsi_plus_gutenburg_max_per_row":"","footnotes":"","_jetpack_memberships_contains_paid_content":false,"jetpack_publicize_message":"","jetpack_publicize_feature_enabled":true,"jetpack_social_post_already_shared":true,"jetpack_social_options":{"image_generator_settings":{"template":"highway","enabled":false},"version":2}},"categories":[2],"tags":[],"jetpack_publicize_connections":[],"jetpack_sharing_enabled":true,"jetpack_featured_media_url":"https:\/\/agendaparaguay.com\/v2\/wp-content\/uploads\/2021\/03\/euclides_acevedo_palacio.jpg","_links":{"self":[{"href":"https:\/\/agendaparaguay.com\/v2\/wp-json\/wp\/v2\/posts\/47258"}],"collection":[{"href":"https:\/\/agendaparaguay.com\/v2\/wp-json\/wp\/v2\/posts"}],"about":[{"href":"https:\/\/agendaparaguay.com\/v2\/wp-json\/wp\/v2\/types\/post"}],"author":[{"embeddable":true,"href":"https:\/\/agendaparaguay.com\/v2\/wp-json\/wp\/v2\/users\/1"}],"replies":[{"embeddable":true,"href":"https:\/\/agendaparaguay.com\/v2\/wp-json\/wp\/v2\/comments?post=47258"}],"version-history":[{"count":2,"href":"https:\/\/agendaparaguay.com\/v2\/wp-json\/wp\/v2\/posts\/47258\/revisions"}],"predecessor-version":[{"id":47260,"href":"https:\/\/agendaparaguay.com\/v2\/wp-json\/wp\/v2\/posts\/47258\/revisions\/47260"}],"wp:featuredmedia":[{"embeddable":true,"href":"https:\/\/agendaparaguay.com\/v2\/wp-json\/wp\/v2\/media\/31369"}],"wp:attachment":[{"href":"https:\/\/agendaparaguay.com\/v2\/wp-json\/wp\/v2\/media?parent=47258"}],"wp:term":[{"taxonomy":"category","embeddable":true,"href":"https:\/\/agendaparaguay.com\/v2\/wp-json\/wp\/v2\/categories?post=47258"},{"taxonomy":"post_tag","embeddable":true,"href":"https:\/\/agendaparaguay.com\/v2\/wp-json\/wp\/v2\/tags?post=47258"}],"curies":[{"name":"wp","href":"https:\/\/api.w.org\/{rel}","templated":true}]}}