{"id":47888,"date":"2022-09-30T14:10:21","date_gmt":"2022-09-30T18:10:21","guid":{"rendered":"https:\/\/agendaparaguay.com\/v2\/?p=47888"},"modified":"2022-09-30T22:37:31","modified_gmt":"2022-10-01T02:37:31","slug":"presidente-de-diputados-participara-de-reunion-con-ministros-del-tsje-convocada-por-senado","status":"publish","type":"post","link":"https:\/\/agendaparaguay.com\/v2\/2022\/09\/30\/presidente-de-diputados-participara-de-reunion-con-ministros-del-tsje-convocada-por-senado\/","title":{"rendered":"Presidente de Diputados participar\u00e1 de reuni\u00f3n con ministros del TSJE convocada por Senado"},"content":{"rendered":"<p style=\"text-align: justify;\">El presidente de la C\u00e1mara de Diputados, Carlos Mar\u00eda L\u00f3pez anunci\u00f3 que participar\u00e1, junto a l\u00edderes de las diferentes bancadas de Diputados, de la reuni\u00f3n convocada por el presidente del Congreso Nacional, Oscar Salom\u00f3n (ANR), con el prop\u00f3sito de analizar, con los ministros del Tribunal Superior de Justicia Electoral (TSJE), los pormenores y las consecuencias del incendio registrado ayer en uno de los bloques del edificio de la instituci\u00f3n.<!--more--><\/p>\n<p style=\"text-align: justify;\">En principio, la citada reuni\u00f3n fue convocada para el pr\u00f3ximo martes 6, sin embargo, fuentes de la C\u00e1mara de Senadores anunciaron, hace instantes, que la misma se adelanta para este domingo a partir de las 10:00 horas.<\/p>\n<p style=\"text-align: justify;\">El encuentro, previsto en modalidad mixta (presencial y virtual), se realizar\u00e1 en la sala de sesiones de la C\u00e1mara de Senadores, con transmisi\u00f3n de Tv C\u00e1mara y Radio C\u00e1mara.<\/p>\n<p style=\"text-align: justify;\">El presidente L\u00f3pez, en sus redes sociales, se mostr\u00f3 cauto en opinar en cuanto a las acciones que deber\u00eda tomar la clase pol\u00edtica. \u201cNo nos apresuremos, hay que ser cautos, recoger toda la informaci\u00f3n posible y analizar los escenarios y dialogar responsablemente\u201d, signific\u00f3.<\/p>\n<p style=\"text-align: justify;\">Lament\u00f3, por otro lado, lo sucedido, principalmente, porque signific\u00f3 la p\u00e9rdida de vida de un funcionario. \u201cLo que aconteci\u00f3 es una pena, principalmente, por el factor humano, y luego por lo que significa para nuestro proceso democr\u00e1tico\u201d, remarc\u00f3.<\/p>\n<p style=\"text-align: justify;\">Recordemos que el incendio, en el edificio del Tribunal Superior de Justicia Electoral, se inici\u00f3 durante la siesta de ayer jueves, y seg\u00fan los datos preliminares el fuego habr\u00eda consumido alrededor de 8.500 m\u00e1quinas de votaci\u00f3n, de las 22.000 alquiladas para las internas del pr\u00f3ximo 18 de diciembre y las generales de abril del 2023. Fuente: Diputados<\/p>\n","protected":false},"excerpt":{"rendered":"<p>El presidente de la C\u00e1mara de Diputados, Carlos Mar\u00eda L\u00f3pez anunci\u00f3 que participar\u00e1, junto a l\u00edderes de las diferentes bancadas de Diputados, de la reuni\u00f3n convocada por el presidente del&hellip; <\/p>\n","protected":false},"author":1,"featured_media":47837,"comment_status":"closed","ping_status":"open","sticky":false,"template":"","format":"standard","meta":{"sfsi_plus_gutenberg_text_before_share":"","sfsi_plus_gutenberg_show_text_before_share":"","sfsi_plus_gutenberg_icon_type":"","sfsi_plus_gutenberg_icon_alignemt":"","sfsi_plus_gutenburg_max_per_row":"","footnotes":"","_jetpack_memberships_contains_paid_content":false,"jetpack_publicize_message":"","jetpack_publicize_feature_enabled":true,"jetpack_social_post_already_shared":true,"jetpack_social_options":{"image_generator_settings":{"template":"highway","enabled":false},"version":2}},"categories":[4],"tags":[],"jetpack_publicize_connections":[],"jetpack_sharing_enabled":true,"jetpack_featured_media_url":"https:\/\/agendaparaguay.com\/v2\/wp-content\/uploads\/2022\/09\/carlos_maria_lopez_01.jpg","_links":{"self":[{"href":"https:\/\/agendaparaguay.com\/v2\/wp-json\/wp\/v2\/posts\/47888"}],"collection":[{"href":"https:\/\/agendaparaguay.com\/v2\/wp-json\/wp\/v2\/posts"}],"about":[{"href":"https:\/\/agendaparaguay.com\/v2\/wp-json\/wp\/v2\/types\/post"}],"author":[{"embeddable":true,"href":"https:\/\/agendaparaguay.com\/v2\/wp-json\/wp\/v2\/users\/1"}],"replies":[{"embeddable":true,"href":"https:\/\/agendaparaguay.com\/v2\/wp-json\/wp\/v2\/comments?post=47888"}],"version-history":[{"count":1,"href":"https:\/\/agendaparaguay.com\/v2\/wp-json\/wp\/v2\/posts\/47888\/revisions"}],"predecessor-version":[{"id":47889,"href":"https:\/\/agendaparaguay.com\/v2\/wp-json\/wp\/v2\/posts\/47888\/revisions\/47889"}],"wp:featuredmedia":[{"embeddable":true,"href":"https:\/\/agendaparaguay.com\/v2\/wp-json\/wp\/v2\/media\/47837"}],"wp:attachment":[{"href":"https:\/\/agendaparaguay.com\/v2\/wp-json\/wp\/v2\/media?parent=47888"}],"wp:term":[{"taxonomy":"category","embeddable":true,"href":"https:\/\/agendaparaguay.com\/v2\/wp-json\/wp\/v2\/categories?post=47888"},{"taxonomy":"post_tag","embeddable":true,"href":"https:\/\/agendaparaguay.com\/v2\/wp-json\/wp\/v2\/tags?post=47888"}],"curies":[{"name":"wp","href":"https:\/\/api.w.org\/{rel}","templated":true}]}}