{"id":47890,"date":"2022-09-30T14:19:06","date_gmt":"2022-09-30T18:19:06","guid":{"rendered":"https:\/\/agendaparaguay.com\/v2\/?p=47890"},"modified":"2022-09-30T14:19:06","modified_gmt":"2022-09-30T18:19:06","slug":"caso-incendio-al-tsje-preocupada-a-diputados-posibilidad-de-quiebre-institucional","status":"publish","type":"post","link":"https:\/\/agendaparaguay.com\/v2\/2022\/09\/30\/caso-incendio-al-tsje-preocupada-a-diputados-posibilidad-de-quiebre-institucional\/","title":{"rendered":"Caso incendio al TSJE: Preocupada a diputados posibilidad de quiebre institucional"},"content":{"rendered":"<p style=\"text-align: justify;\">La Bancada C del PLRA, que lidera el diputado Pastor Vera Bejarano emiti\u00f3 un comunicado a la opini\u00f3n p\u00fablica, en donde expresa preocupaci\u00f3n ante la posibilidad de un \u201cquiebre institucional de la Rep\u00fablica\u201d, sea por negligencia, inoperancia o complicidad en el desempe\u00f1o de las instituciones.<!--more--><\/p>\n<p style=\"text-align: justify;\">El comunicado se fundamenta en lo ocurrido ayer en el Tribunal Superior de Justicia Electoral, cuando un voraz incendio consumi\u00f3 un dep\u00f3sito de la instituci\u00f3n en donde se resguardaban unas 8.500 m\u00e1quinas de votaci\u00f3n, a ser utilizadas en las internas del 18 de diciembre pr\u00f3ximo, y en las generales de abril del pr\u00f3ximo a\u00f1o.<\/p>\n<p style=\"text-align: justify;\">El Superior Tribunal de Justicia Electoral, sufri\u00f3 graves da\u00f1os en su estructura edilicia as\u00ed como las m\u00e1quinas de votaci\u00f3n, en un sorprendente incendio que deja una sensaci\u00f3n, cuando menos, de desconfianza en la opini\u00f3n p\u00fablica, dice parte del documento.<\/p>\n<p style=\"text-align: justify;\">\u201cLamentamos, profundamente, la p\u00e9rdida de una vida humana y exigimos el inmediato esclarecimiento de lo ocurrido, as\u00ed como mantener informada a la ciudadan\u00eda de manera veraz y oportuna\u201d, expresa.<\/p>\n<p style=\"text-align: justify;\">Responsabiliza, por otro lado, a los organismos del Estado, en especial al TSJE, del cumplimiento irrestricto de la Constituci\u00f3n Nacional y las leyes para garantizar la transparencia y confianza del proceso electoral y el traspaso de mando en la Rep\u00fablica del Paraguay, en los plazos establecidos.<\/p>\n<p style=\"text-align: justify;\">\u201cReafirmamos nuestro compromiso como legisladores de respetar y acompa\u00f1ar el proceso electoral, factor fundamental para fortalecer la democracia en nuestro pa\u00eds\u201d, finaliza el pronunciamiento firmado por los diputados Pastor Vera Bejarano (PLRA-San Pedro); Celso Kennedy (PLRA-Caaguaz\u00fa); Esm\u00e9rita S\u00e1nchez (PLRA-Caaguaz\u00fa); Carlos Noguera (PLRA-Alto Paran\u00e1); Andr\u00e9s Rojas Feris (PLRA-Concepci\u00f3n); Carlos Silva (PLRA-\u00d1eembuc\u00fa); y Roya Torres (PLRA-Alto Paran\u00e1). Fuente: Diputados<\/p>\n<p>&nbsp;<\/p>\n<p>&nbsp;<\/p>\n","protected":false},"excerpt":{"rendered":"<p>La Bancada C del PLRA, que lidera el diputado Pastor Vera Bejarano emiti\u00f3 un comunicado a la opini\u00f3n p\u00fablica, en donde expresa preocupaci\u00f3n ante la posibilidad de un \u201cquiebre institucional&hellip; <\/p>\n","protected":false},"author":1,"featured_media":47891,"comment_status":"closed","ping_status":"open","sticky":false,"template":"","format":"standard","meta":{"sfsi_plus_gutenberg_text_before_share":"","sfsi_plus_gutenberg_show_text_before_share":"","sfsi_plus_gutenberg_icon_type":"","sfsi_plus_gutenberg_icon_alignemt":"","sfsi_plus_gutenburg_max_per_row":"","footnotes":"","_jetpack_memberships_contains_paid_content":false,"jetpack_publicize_message":"","jetpack_publicize_feature_enabled":true,"jetpack_social_post_already_shared":true,"jetpack_social_options":{"image_generator_settings":{"template":"highway","enabled":false},"version":2}},"categories":[4],"tags":[],"jetpack_publicize_connections":[],"jetpack_sharing_enabled":true,"jetpack_featured_media_url":"https:\/\/agendaparaguay.com\/v2\/wp-content\/uploads\/2022\/09\/tsje_incendio.jpg","_links":{"self":[{"href":"https:\/\/agendaparaguay.com\/v2\/wp-json\/wp\/v2\/posts\/47890"}],"collection":[{"href":"https:\/\/agendaparaguay.com\/v2\/wp-json\/wp\/v2\/posts"}],"about":[{"href":"https:\/\/agendaparaguay.com\/v2\/wp-json\/wp\/v2\/types\/post"}],"author":[{"embeddable":true,"href":"https:\/\/agendaparaguay.com\/v2\/wp-json\/wp\/v2\/users\/1"}],"replies":[{"embeddable":true,"href":"https:\/\/agendaparaguay.com\/v2\/wp-json\/wp\/v2\/comments?post=47890"}],"version-history":[{"count":1,"href":"https:\/\/agendaparaguay.com\/v2\/wp-json\/wp\/v2\/posts\/47890\/revisions"}],"predecessor-version":[{"id":47892,"href":"https:\/\/agendaparaguay.com\/v2\/wp-json\/wp\/v2\/posts\/47890\/revisions\/47892"}],"wp:featuredmedia":[{"embeddable":true,"href":"https:\/\/agendaparaguay.com\/v2\/wp-json\/wp\/v2\/media\/47891"}],"wp:attachment":[{"href":"https:\/\/agendaparaguay.com\/v2\/wp-json\/wp\/v2\/media?parent=47890"}],"wp:term":[{"taxonomy":"category","embeddable":true,"href":"https:\/\/agendaparaguay.com\/v2\/wp-json\/wp\/v2\/categories?post=47890"},{"taxonomy":"post_tag","embeddable":true,"href":"https:\/\/agendaparaguay.com\/v2\/wp-json\/wp\/v2\/tags?post=47890"}],"curies":[{"name":"wp","href":"https:\/\/api.w.org\/{rel}","templated":true}]}}