{"id":48350,"date":"2022-10-17T16:50:38","date_gmt":"2022-10-17T19:50:38","guid":{"rendered":"https:\/\/agendaparaguay.com\/v2\/?p=48350"},"modified":"2022-10-17T19:18:43","modified_gmt":"2022-10-17T22:18:43","slug":"analizaran-mas-propuestas-con-miras-a-lograr-acuerdos-en-proyectos-para-el-sector-sojero","status":"publish","type":"post","link":"https:\/\/agendaparaguay.com\/v2\/2022\/10\/17\/analizaran-mas-propuestas-con-miras-a-lograr-acuerdos-en-proyectos-para-el-sector-sojero\/","title":{"rendered":"Analizar\u00e1n m\u00e1s propuestas con miras a lograr acuerdos en proyectos para el sector sojero"},"content":{"rendered":"<p style=\"text-align: justify;\">Bajo coordinaci\u00f3n del diputado Colym Soroka presidente de la Comisi\u00f3n de Agricultura y Ganader\u00eda, se llev\u00f3 a cabo una audiencia p\u00fablica, en el Departamento de Canindey\u00fa, con el objetivo de debatir a fondo los pormenores de unas iniciativas que se hallan en etapa de estudio en la C\u00e1mara Baja.<!--more--><\/p>\n<p style=\"text-align: justify;\">Se trata de los proyectos \u201cQue suspende temporalmente la obligaci\u00f3n de pago de regal\u00edas por eventos gen\u00e9ticos o biotecnol\u00f3gicos en soja protegidos por patentes de invenci\u00f3n\u201d; y el \u201cQue pr\u00f3rroga el vencimiento por un a\u00f1o y proh\u00edbe aplicaci\u00f3n de multas y recargos a obligaciones derivadas de contratos de entrega de granos de la zafra 2021\/2022\u201d.<\/p>\n<p style=\"text-align: justify;\">Durante el evento se abordaran los objetivos, alcances y eventuales efectos de estos proyectos de ley.<\/p>\n<p style=\"text-align: justify;\">El evento tuvo lugar en la Asociaci\u00f3n de Productores de Nueva Esperanza (APANE), en la ciudad de Nueva Esperanza, del sexto departamento del pa\u00eds.<\/p>\n<p style=\"text-align: justify;\">Dip. Colym Soroka Actividad 01-850.jpgEl parlamentario inform\u00f3 que los productores de soja vinculados a la Asociaci\u00f3n de Productores de Soja (APS), tuvieron activa participaci\u00f3n sobre la viabilidad y los efectos de los proyectos sobre incumplimiento de contratos en la entrega de granos, por parte de los productores, a las compa\u00f1\u00edas exportadoras, consecuencia de la grave sequ\u00eda que redujo el 70 % de la producci\u00f3n nacional de soja en la zafra 2021\/2022; y el pago de regal\u00edas por uso de biotecnolog\u00eda desarrollada por la compa\u00f1\u00eda Monsanto-Bayer; espec\u00edficamente, en lo que ata\u00f1e a la marca protegida por Patente Intacta 2 Xtend.<\/p>\n<p style=\"text-align: justify;\">Con relaci\u00f3n al proyecto sobre pago por uso de semillas modificadas gen\u00e9ticamente, luego de un amplio debate, qued\u00f3 bien asentada la postura de que no hay resistencia, ni negativa al pago de las regal\u00edas o canon, por uso de tecnolog\u00eda; sin embargo, se coincidi\u00f3 en que, en las condiciones actuales, la carga puesta sobre la econom\u00eda del productor es enorme y deber\u00eda ser renegociada en condiciones convenientes.<\/p>\n<p style=\"text-align: justify;\">Se acord\u00f3 que la APS arrimar\u00e1 una propuesta formal que servir\u00e1 de base para fijar posturas sobre las cuales acordar a futuro.<\/p>\n<p style=\"text-align: justify;\">En cuanto al proyecto relacionado a los contratos, en los pr\u00f3ximos d\u00edas arribar\u00e1 al pa\u00eds un experto internacional, para evaluar con los interesados un modelo de acuerdo que contemple, garantice y proteja los intereses, tanto de productores\/vendedores, como de los compradores\/exportadores.<\/p>\n<p style=\"text-align: justify;\">Se inform\u00f3 que sobre las bases resultantes se intentar\u00e1 reglamentar condiciones m\u00e1s equitativas en cuanto a derechos, obligaciones y eventuales imprevisiones, como las fuerzas de la naturaleza que afectan las cosechas.<\/p>\n<p style=\"text-align: justify;\">\u201cEs probable que, por lo conversado, este proyecto sea postergado por un tiempo, hasta tener los preacuerdos\u201d, declar\u00f3 el congresista.<\/p>\n<p style=\"text-align: justify;\">Lamentan tergiversaci\u00f3n<\/p>\n<p style=\"text-align: justify;\">Muchos referentes del sector coincidieron con el legislador Colym Soroka al lamentar la tergiversaci\u00f3n de la informaci\u00f3n, por parte de sectores interesados, quienes distorsionaron el verdadero esp\u00edritu de ambos proyectos, seg\u00fan manifestaron.<\/p>\n<p style=\"text-align: justify;\">\u201cEsto fue muy enriquecedor; el intercambio de ideas, las coincidencias a las que arribamos con los productores de soja de Canindey\u00fa\u201d, refiri\u00f3 Colym Soroka. Fuente: Diputados<\/p>\n","protected":false},"excerpt":{"rendered":"<p>Bajo coordinaci\u00f3n del diputado Colym Soroka presidente de la Comisi\u00f3n de Agricultura y Ganader\u00eda, se llev\u00f3 a cabo una audiencia p\u00fablica, en el Departamento de Canindey\u00fa, con el objetivo de&hellip; <\/p>\n","protected":false},"author":1,"featured_media":48352,"comment_status":"closed","ping_status":"open","sticky":false,"template":"","format":"standard","meta":{"sfsi_plus_gutenberg_text_before_share":"","sfsi_plus_gutenberg_show_text_before_share":"","sfsi_plus_gutenberg_icon_type":"","sfsi_plus_gutenberg_icon_alignemt":"","sfsi_plus_gutenburg_max_per_row":"","footnotes":"","_jetpack_memberships_contains_paid_content":false,"jetpack_publicize_message":"","jetpack_publicize_feature_enabled":true,"jetpack_social_post_already_shared":true,"jetpack_social_options":{"image_generator_settings":{"template":"highway","enabled":false},"version":2}},"categories":[4],"tags":[],"jetpack_publicize_connections":[],"jetpack_sharing_enabled":true,"jetpack_featured_media_url":"https:\/\/agendaparaguay.com\/v2\/wp-content\/uploads\/2022\/10\/colyn_soroka_audiencia.jpg","_links":{"self":[{"href":"https:\/\/agendaparaguay.com\/v2\/wp-json\/wp\/v2\/posts\/48350"}],"collection":[{"href":"https:\/\/agendaparaguay.com\/v2\/wp-json\/wp\/v2\/posts"}],"about":[{"href":"https:\/\/agendaparaguay.com\/v2\/wp-json\/wp\/v2\/types\/post"}],"author":[{"embeddable":true,"href":"https:\/\/agendaparaguay.com\/v2\/wp-json\/wp\/v2\/users\/1"}],"replies":[{"embeddable":true,"href":"https:\/\/agendaparaguay.com\/v2\/wp-json\/wp\/v2\/comments?post=48350"}],"version-history":[{"count":1,"href":"https:\/\/agendaparaguay.com\/v2\/wp-json\/wp\/v2\/posts\/48350\/revisions"}],"predecessor-version":[{"id":48353,"href":"https:\/\/agendaparaguay.com\/v2\/wp-json\/wp\/v2\/posts\/48350\/revisions\/48353"}],"wp:featuredmedia":[{"embeddable":true,"href":"https:\/\/agendaparaguay.com\/v2\/wp-json\/wp\/v2\/media\/48352"}],"wp:attachment":[{"href":"https:\/\/agendaparaguay.com\/v2\/wp-json\/wp\/v2\/media?parent=48350"}],"wp:term":[{"taxonomy":"category","embeddable":true,"href":"https:\/\/agendaparaguay.com\/v2\/wp-json\/wp\/v2\/categories?post=48350"},{"taxonomy":"post_tag","embeddable":true,"href":"https:\/\/agendaparaguay.com\/v2\/wp-json\/wp\/v2\/tags?post=48350"}],"curies":[{"name":"wp","href":"https:\/\/api.w.org\/{rel}","templated":true}]}}