{"id":48758,"date":"2022-10-31T13:00:51","date_gmt":"2022-10-31T16:00:51","guid":{"rendered":"https:\/\/agendaparaguay.com\/v2\/?p=48758"},"modified":"2022-10-31T11:33:01","modified_gmt":"2022-10-31T14:33:01","slug":"caminera-realizo-927-pruebas-de-alcotest-y-demoro-118-vehiculos-tras-primera-jornada-del-operativo-verano","status":"publish","type":"post","link":"https:\/\/agendaparaguay.com\/v2\/2022\/10\/31\/caminera-realizo-927-pruebas-de-alcotest-y-demoro-118-vehiculos-tras-primera-jornada-del-operativo-verano\/","title":{"rendered":"Caminera realiz\u00f3 927 pruebas de alcotest y demor\u00f3 118 veh\u00edculos tras primera jornada del Operativo Verano"},"content":{"rendered":"<p style=\"text-align: justify;\">Para garantizar la seguridad vial en el tr\u00e1nsito nacional terrestre, la Patrulla Caminera inici\u00f3 ayer domingo la implementaci\u00f3n del Plan Operativo Verano 2022 y 2023. En su primera jornada realiz\u00f3 217 procedimientos, efectu\u00f3 la prueba de alcotest a 927 conductores y demor\u00f3 118 veh\u00edculos.<!--more--><\/p>\n<p style=\"text-align: justify;\">El jefe de Relaciones P\u00fablicas de la Patrulla Caminera, Adolfo Ortega, explic\u00f3 este lunes que ayer inicio el c\u00edclico \u00abOperativo Verano\u00bb que contempla la fiscalizaci\u00f3n, patrullaje e inspecci\u00f3n necesario dentro de la red vial nacional con el fin de evitar accidentes y siniestros viales que enluten a las familias paraguayas. El despliegue de control se extender\u00e1 hasta el 26 de febrero del pr\u00f3ximo a\u00f1o.<\/p>\n<p style=\"text-align: justify;\">En su primera jornada, se realizaron 217 procedimientos, 927 pruebas de alcotest y se demoraron 118 veh\u00edculos. Se report\u00f3 un accidente con derivaci\u00f3n fatal en la zona de la Colonia Fram, departamento de Itap\u00faa.<\/p>\n<p style=\"text-align: justify;\">El inspector indic\u00f3 que entre los controles que m\u00e1s se realizar\u00e1n en este operativo se encuentran las fiscalizaciones preventivas a conductores sobre la velocidad, luces reglamentarias, veh\u00edculos mal estacionados y la sanci\u00f3n de toda conducta que ponga en peligro la vida humana y la integridad f\u00edsica.<\/p>\n<p style=\"text-align: justify;\">Adem\u00e1s, contemplar\u00e1n la aplicaci\u00f3n de la legislaci\u00f3n vial vigente y todas disposiciones complementarias relativas al tr\u00e1nsito vial terrestre.<br \/>\nFoto Iustraci\u00f3n\/ Agencia IP<\/p>\n<p style=\"text-align: justify;\">As\u00ed tambi\u00e9n, refiri\u00f3 que se prev\u00e9 implementar coberturas de retorno en determinados d\u00edas y horarios picos, con un plan de ordenamiento y regulaci\u00f3n del tr\u00e1nsito vehicular y de peatones, as\u00ed como trabajos de car\u00e1cter interinstitucional con la Polic\u00eda Nacional, Ministerio P\u00fablico, Fiscal\u00eda del menor, Polic\u00eda Municipal, Dinatran y dem\u00e1s instituciones involucradas en la seguridad vial.<\/p>\n<p style=\"text-align: justify;\">\u00abEstamos con un relevo permanente de 24 horas con cerca de 200 inspectores en el departamento Central y 600 a nivel nacional. Se efect\u00faan los controles con m\u00e1s asiduidad porque las circunstancias del momento lo requieren\u00bb, explic\u00f3 este lunes en entrevista con Radio Nacional del Paraguay.<\/p>\n<p style=\"text-align: justify;\">Adelant\u00f3 que las tareas de inspecci\u00f3n se intensificar\u00e1n en horarios nocturnos con controles de alcotest, adem\u00e1s de las coberturas de salida y retorno a la Capital, especialmente los viernes, s\u00e1bados, domingos y feriados.<\/p>\n<p style=\"text-align: justify;\">La Patrulla Caminera puntualiza que los controles abarcar\u00e1n distintos puntos del pa\u00eds, con patrullajes constantes de los motociclistas con los acompa\u00f1antes en las ciudades de San Lorenzo, Capiat\u00e1, Itaugu\u00e1, Ypacara\u00ed, Aregu\u00e1, Caacup\u00e9, J.A. Sald\u00edvar, It\u00e1, Yaguar\u00f3n, Paraguar\u00ed, Carapegu\u00e1, San Bernardino \u2013 Luque, Encarnaci\u00f3n, Ciudad Del Este y otras zonas, a fin de detectar infracciones cometidas como veh\u00edculos mal estacionados, circulaci\u00f3n por el carril izquierdo, invasi\u00f3n de franja peatonal, adelantamientos indebidos, entre otros. Fuente: Ip<\/p>\n","protected":false},"excerpt":{"rendered":"<p>Para garantizar la seguridad vial en el tr\u00e1nsito nacional terrestre, la Patrulla Caminera inici\u00f3 ayer domingo la implementaci\u00f3n del Plan Operativo Verano 2022 y 2023. En su primera jornada realiz\u00f3&hellip; <\/p>\n","protected":false},"author":1,"featured_media":31539,"comment_status":"closed","ping_status":"open","sticky":false,"template":"","format":"standard","meta":{"sfsi_plus_gutenberg_text_before_share":"","sfsi_plus_gutenberg_show_text_before_share":"","sfsi_plus_gutenberg_icon_type":"","sfsi_plus_gutenberg_icon_alignemt":"","sfsi_plus_gutenburg_max_per_row":"","footnotes":"","_jetpack_memberships_contains_paid_content":false,"jetpack_publicize_message":"","jetpack_publicize_feature_enabled":true,"jetpack_social_post_already_shared":true,"jetpack_social_options":{"image_generator_settings":{"template":"highway","enabled":false},"version":2}},"categories":[5],"tags":[],"jetpack_publicize_connections":[],"jetpack_sharing_enabled":true,"jetpack_featured_media_url":"https:\/\/agendaparaguay.com\/v2\/wp-content\/uploads\/2021\/03\/caminera_2021_2.jpg","_links":{"self":[{"href":"https:\/\/agendaparaguay.com\/v2\/wp-json\/wp\/v2\/posts\/48758"}],"collection":[{"href":"https:\/\/agendaparaguay.com\/v2\/wp-json\/wp\/v2\/posts"}],"about":[{"href":"https:\/\/agendaparaguay.com\/v2\/wp-json\/wp\/v2\/types\/post"}],"author":[{"embeddable":true,"href":"https:\/\/agendaparaguay.com\/v2\/wp-json\/wp\/v2\/users\/1"}],"replies":[{"embeddable":true,"href":"https:\/\/agendaparaguay.com\/v2\/wp-json\/wp\/v2\/comments?post=48758"}],"version-history":[{"count":1,"href":"https:\/\/agendaparaguay.com\/v2\/wp-json\/wp\/v2\/posts\/48758\/revisions"}],"predecessor-version":[{"id":48759,"href":"https:\/\/agendaparaguay.com\/v2\/wp-json\/wp\/v2\/posts\/48758\/revisions\/48759"}],"wp:featuredmedia":[{"embeddable":true,"href":"https:\/\/agendaparaguay.com\/v2\/wp-json\/wp\/v2\/media\/31539"}],"wp:attachment":[{"href":"https:\/\/agendaparaguay.com\/v2\/wp-json\/wp\/v2\/media?parent=48758"}],"wp:term":[{"taxonomy":"category","embeddable":true,"href":"https:\/\/agendaparaguay.com\/v2\/wp-json\/wp\/v2\/categories?post=48758"},{"taxonomy":"post_tag","embeddable":true,"href":"https:\/\/agendaparaguay.com\/v2\/wp-json\/wp\/v2\/tags?post=48758"}],"curies":[{"name":"wp","href":"https:\/\/api.w.org\/{rel}","templated":true}]}}