{"id":48844,"date":"2022-11-02T13:30:24","date_gmt":"2022-11-02T16:30:24","guid":{"rendered":"https:\/\/agendaparaguay.com\/v2\/?p=48844"},"modified":"2022-11-02T18:24:48","modified_gmt":"2022-11-02T21:24:48","slug":"supension-de-transporte-en-dia-del-censo-es-de-cumplimiento-estricto-y-obligatorio-recuerda-dinatran","status":"publish","type":"post","link":"https:\/\/agendaparaguay.com\/v2\/2022\/11\/02\/supension-de-transporte-en-dia-del-censo-es-de-cumplimiento-estricto-y-obligatorio-recuerda-dinatran\/","title":{"rendered":"Supensi\u00f3n de transporte en d\u00eda del censo es de cumplimiento estricto y obligatorio, recuerda Dinatran"},"content":{"rendered":"<p style=\"text-align: justify;\">La Direcci\u00f3n Nacional de Transporte (Dinatran) recuerda que por ley est\u00e1 establecida la suspensi\u00f3n del servicio de transporte p\u00fablico de corta, mediana y larga distancia el mi\u00e9rcoles 9 de noviembre, d\u00eda de realizaci\u00f3n del Censo Nacional de Poblaci\u00f3n y Vivienda.<!--more--><\/p>\n<p style=\"text-align: justify;\">El jefe de Gabinete de Dinatran, Carlos Peralta, indic\u00f3 que el cumplimiento de esta disposici\u00f3n es estricto y obligatorio por ley, y que tanto la Dinatran como las fuerzas p\u00fablicas estar\u00e1n velando la observancia de la misma.<\/p>\n<p style=\"text-align: justify;\">\u00abTodas las empresas de transporte de pasajeros y cargas permisionarias de la Dinatran no podr\u00e1n operar durante el censo. De 05:00 a 18:00 quedar\u00e1 suspendida la circulaci\u00f3n de las mismas\u00bb, dijo Peralta en conversaci\u00f3n con Radio Nacional del Paraguay.<\/p>\n<p style=\"text-align: justify;\">Indic\u00f3 que bajo la jurisdicci\u00f3n de Dinatran operan unas 78 empresas a nivel nacional, las cuales tienen en circulaci\u00f3n unas 1.750 unidades aproximadamente.<\/p>\n<p style=\"text-align: justify;\">De la prohibici\u00f3n de circulaci\u00f3n se encuentran exceptuados los veh\u00edculos destinados al servicio del Censo, as\u00ed como aquellos que operan para el tr\u00e1nsito internacional y los relacionados a los servicios de seguridad y asistencia m\u00e9dica (p\u00fablica y privada). Fuente: Ip<\/p>\n","protected":false},"excerpt":{"rendered":"<p>La Direcci\u00f3n Nacional de Transporte (Dinatran) recuerda que por ley est\u00e1 establecida la suspensi\u00f3n del servicio de transporte p\u00fablico de corta, mediana y larga distancia el mi\u00e9rcoles 9 de noviembre,&hellip; <\/p>\n","protected":false},"author":1,"featured_media":34060,"comment_status":"closed","ping_status":"open","sticky":false,"template":"","format":"standard","meta":{"sfsi_plus_gutenberg_text_before_share":"","sfsi_plus_gutenberg_show_text_before_share":"","sfsi_plus_gutenberg_icon_type":"","sfsi_plus_gutenberg_icon_alignemt":"","sfsi_plus_gutenburg_max_per_row":"","footnotes":"","_jetpack_memberships_contains_paid_content":false,"jetpack_publicize_message":"","jetpack_publicize_feature_enabled":true,"jetpack_social_post_already_shared":true,"jetpack_social_options":{"image_generator_settings":{"template":"highway","enabled":false},"version":2}},"categories":[5],"tags":[],"jetpack_publicize_connections":[],"jetpack_sharing_enabled":true,"jetpack_featured_media_url":"https:\/\/agendaparaguay.com\/v2\/wp-content\/uploads\/2021\/06\/transporte_publico_tapabocas.jpg","_links":{"self":[{"href":"https:\/\/agendaparaguay.com\/v2\/wp-json\/wp\/v2\/posts\/48844"}],"collection":[{"href":"https:\/\/agendaparaguay.com\/v2\/wp-json\/wp\/v2\/posts"}],"about":[{"href":"https:\/\/agendaparaguay.com\/v2\/wp-json\/wp\/v2\/types\/post"}],"author":[{"embeddable":true,"href":"https:\/\/agendaparaguay.com\/v2\/wp-json\/wp\/v2\/users\/1"}],"replies":[{"embeddable":true,"href":"https:\/\/agendaparaguay.com\/v2\/wp-json\/wp\/v2\/comments?post=48844"}],"version-history":[{"count":1,"href":"https:\/\/agendaparaguay.com\/v2\/wp-json\/wp\/v2\/posts\/48844\/revisions"}],"predecessor-version":[{"id":48845,"href":"https:\/\/agendaparaguay.com\/v2\/wp-json\/wp\/v2\/posts\/48844\/revisions\/48845"}],"wp:featuredmedia":[{"embeddable":true,"href":"https:\/\/agendaparaguay.com\/v2\/wp-json\/wp\/v2\/media\/34060"}],"wp:attachment":[{"href":"https:\/\/agendaparaguay.com\/v2\/wp-json\/wp\/v2\/media?parent=48844"}],"wp:term":[{"taxonomy":"category","embeddable":true,"href":"https:\/\/agendaparaguay.com\/v2\/wp-json\/wp\/v2\/categories?post=48844"},{"taxonomy":"post_tag","embeddable":true,"href":"https:\/\/agendaparaguay.com\/v2\/wp-json\/wp\/v2\/tags?post=48844"}],"curies":[{"name":"wp","href":"https:\/\/api.w.org\/{rel}","templated":true}]}}