{"id":48866,"date":"2022-11-03T10:14:15","date_gmt":"2022-11-03T13:14:15","guid":{"rendered":"https:\/\/agendaparaguay.com\/v2\/?p=48866"},"modified":"2022-11-03T11:13:11","modified_gmt":"2022-11-03T14:13:11","slug":"afara-rechaza-proyecto-de-prospeccion-de-hidrocarburos-en-el-parque-medanos-del-chaco","status":"publish","type":"post","link":"https:\/\/agendaparaguay.com\/v2\/2022\/11\/03\/afara-rechaza-proyecto-de-prospeccion-de-hidrocarburos-en-el-parque-medanos-del-chaco\/","title":{"rendered":"Afara rechaza proyecto de prospecci\u00f3n de hidrocarburos en el Parque M\u00e9danos del Chaco"},"content":{"rendered":"<p style=\"text-align: justify;\">El Senador Juan Afara, en su car\u00e1cter de Presidente de la Comisi\u00f3n Nacional de Defensa de los Recursos Naturales (CONADERNA), sostuvo durante una entrevista radial que la comisi\u00f3n a su cargo trabajar\u00e1 por el rechazo del proyecto de Ley \u00abQue modifica los art\u00edculos 4\u00b0 y 6\u00b0 de la Ley N\u00b0 5723\/2016 &#8216;Que declara como \u00e1rea silvestre protegida bajo dominio p\u00fablico al Parque Nacional M\u00e9danos del Chaco\u201d, con media sanci\u00f3n de la C\u00e1mara de Diputados y que apunta a restituir las actividades de prospecci\u00f3n y explotaci\u00f3n de hidrocarburos y minerales dentro de la reserva natural.<!--more--><\/p>\n<p style=\"text-align: justify;\">Las declaraciones del senador Afara se dieron esta ma\u00f1ana, durante una entrevista en el programa \u201cHora Pico\u201d, de Radio \u00d1andut\u00ed, con la conducci\u00f3n de los periodistas Camilo Soares y An\u00edbal Esp\u00ednola.<\/p>\n<p style=\"text-align: justify;\">\u201cTenemos una posici\u00f3n muy clara, no estamos de acuerdo con esa ley\u201d, indic\u00f3, y agreg\u00f3 que el Parque Nacional M\u00e9danos del Chaco est\u00e1 declarado adem\u00e1s como Reserva de la Biosfera por la UNESCO, desde 2005.<\/p>\n<p style=\"text-align: justify;\">\u201cEs un Parque Nacional y es imposible que por intereses de terceros se atropelle una ley, y se atropelle un parque que es muy importante\u201d, adujo.<\/p>\n","protected":false},"excerpt":{"rendered":"<p>El Senador Juan Afara, en su car\u00e1cter de Presidente de la Comisi\u00f3n Nacional de Defensa de los Recursos Naturales (CONADERNA), sostuvo durante una entrevista radial que la comisi\u00f3n a su&hellip; <\/p>\n","protected":false},"author":1,"featured_media":27033,"comment_status":"closed","ping_status":"open","sticky":false,"template":"","format":"standard","meta":{"sfsi_plus_gutenberg_text_before_share":"","sfsi_plus_gutenberg_show_text_before_share":"","sfsi_plus_gutenberg_icon_type":"","sfsi_plus_gutenberg_icon_alignemt":"","sfsi_plus_gutenburg_max_per_row":"","footnotes":"","_jetpack_memberships_contains_paid_content":false,"jetpack_publicize_message":"","jetpack_publicize_feature_enabled":true,"jetpack_social_post_already_shared":true,"jetpack_social_options":{"image_generator_settings":{"template":"highway","enabled":false},"version":2}},"categories":[3],"tags":[],"jetpack_publicize_connections":[],"jetpack_sharing_enabled":true,"jetpack_featured_media_url":"https:\/\/agendaparaguay.com\/v2\/wp-content\/uploads\/2020\/11\/juan_afara.jpg","_links":{"self":[{"href":"https:\/\/agendaparaguay.com\/v2\/wp-json\/wp\/v2\/posts\/48866"}],"collection":[{"href":"https:\/\/agendaparaguay.com\/v2\/wp-json\/wp\/v2\/posts"}],"about":[{"href":"https:\/\/agendaparaguay.com\/v2\/wp-json\/wp\/v2\/types\/post"}],"author":[{"embeddable":true,"href":"https:\/\/agendaparaguay.com\/v2\/wp-json\/wp\/v2\/users\/1"}],"replies":[{"embeddable":true,"href":"https:\/\/agendaparaguay.com\/v2\/wp-json\/wp\/v2\/comments?post=48866"}],"version-history":[{"count":1,"href":"https:\/\/agendaparaguay.com\/v2\/wp-json\/wp\/v2\/posts\/48866\/revisions"}],"predecessor-version":[{"id":48867,"href":"https:\/\/agendaparaguay.com\/v2\/wp-json\/wp\/v2\/posts\/48866\/revisions\/48867"}],"wp:featuredmedia":[{"embeddable":true,"href":"https:\/\/agendaparaguay.com\/v2\/wp-json\/wp\/v2\/media\/27033"}],"wp:attachment":[{"href":"https:\/\/agendaparaguay.com\/v2\/wp-json\/wp\/v2\/media?parent=48866"}],"wp:term":[{"taxonomy":"category","embeddable":true,"href":"https:\/\/agendaparaguay.com\/v2\/wp-json\/wp\/v2\/categories?post=48866"},{"taxonomy":"post_tag","embeddable":true,"href":"https:\/\/agendaparaguay.com\/v2\/wp-json\/wp\/v2\/tags?post=48866"}],"curies":[{"name":"wp","href":"https:\/\/api.w.org\/{rel}","templated":true}]}}