{"id":48935,"date":"2022-11-06T22:11:32","date_gmt":"2022-11-07T01:11:32","guid":{"rendered":"https:\/\/agendaparaguay.com\/v2\/?p=48935"},"modified":"2022-11-07T07:47:29","modified_gmt":"2022-11-07T10:47:29","slug":"lugo-sin-asistencia-respiratoria-avanza-en-su-proceso-de-recuperacion","status":"publish","type":"post","link":"https:\/\/agendaparaguay.com\/v2\/2022\/11\/06\/lugo-sin-asistencia-respiratoria-avanza-en-su-proceso-de-recuperacion\/","title":{"rendered":"Lugo sin asistencia respiratoria avanza en su proceso de recuperaci\u00f3n"},"content":{"rendered":"<p style=\"text-align: justify;\">El senador y m\u00e9dico de cabecera del del expresidente, Fernando Lugo, Jorge Querey, inform\u00f3 desde Argentina sobre la evoluci\u00f3n m\u00e9dica.<!--more--><\/p>\n<p style=\"text-align: justify;\">Querey, fue acompa\u00f1ado del senador Miguel Fulgencio Rodr\u00edguez, para constatar el proceso de recuperaci\u00f3n del legislador del Frente Guas\u00fa quien se encuentra realizando su terapia de recuperaci\u00f3n en la cl\u00ednica Fleni, ubicada en la Provincia de Buenos Aires, Argentina.<\/p>\n<p style=\"text-align: justify;\">En su balance m\u00e9dico hizo notar el sostenido avance positivo del Senador Lugo.<\/p>\n<p style=\"text-align: justify;\">\u201cDesde el punto de vista m\u00e9dico lo que me cabe decir es que estamos en un proceso sostenido y positivo de recuperaci\u00f3n\u201d manifest\u00f3. Agreg\u00f3 que ya empez\u00f3 a dar sus primeros pasos, luego de haber estado por varios meses en cama.<\/p>\n<p style=\"text-align: justify;\">Resalt\u00f3 que en sus ejercicios terap\u00e9uticos realiza caminatas y se mantiene erguido en las mismas.<\/p>\n<p style=\"text-align: justify;\">Dijo que ya se liber\u00f3 totalmente de la asistencia respiratoria, y en la actualidad mantiene una c\u00e1nula de fonaci\u00f3n, que muy probablemente se le retirar\u00eda ya en los pr\u00f3ximos d\u00edas. Inform\u00f3 tambi\u00e9n que ya se alimenta por v\u00eda oral.<\/p>\n<p style=\"text-align: justify;\">Desde el punto de vista neurologico relat\u00f3 que se encuentra despierto, activo, y se comunica y reconoce perfectamente a todos sus interlocutores.<\/p>\n<p style=\"text-align: justify;\">Relat\u00f3 tambi\u00e9n que mantuvo conversaciones con el senador Lugo, quien logra ya expresarse correctamente, con peque\u00f1as dificultades propias de la etapa del proceso de recuperaci\u00f3n en el que se encuentra.<\/p>\n<p style=\"text-align: justify;\">Estim\u00f3, que seg\u00fan los estudios y diagn\u00f3sticos del equipo m\u00e9dico y de los diagn\u00f3sticos del centro m\u00e9dico donde se encuentra, hay claras expectativas positivas, siempre manteniendo prudencia en el marco de lo que corresponde a pacientes con este tipo de afecciones.<\/p>\n","protected":false},"excerpt":{"rendered":"<p>El senador y m\u00e9dico de cabecera del del expresidente, Fernando Lugo, Jorge Querey, inform\u00f3 desde Argentina sobre la evoluci\u00f3n m\u00e9dica.<\/p>\n","protected":false},"author":1,"featured_media":48936,"comment_status":"closed","ping_status":"open","sticky":false,"template":"","format":"standard","meta":{"sfsi_plus_gutenberg_text_before_share":"","sfsi_plus_gutenberg_show_text_before_share":"","sfsi_plus_gutenberg_icon_type":"","sfsi_plus_gutenberg_icon_alignemt":"","sfsi_plus_gutenburg_max_per_row":"","footnotes":"","_jetpack_memberships_contains_paid_content":false,"jetpack_publicize_message":"","jetpack_publicize_feature_enabled":true,"jetpack_social_post_already_shared":true,"jetpack_social_options":{"image_generator_settings":{"template":"highway","enabled":false},"version":2}},"categories":[2],"tags":[],"jetpack_publicize_connections":[],"jetpack_sharing_enabled":true,"jetpack_featured_media_url":"https:\/\/agendaparaguay.com\/v2\/wp-content\/uploads\/2022\/11\/senador_jorge_querey.jpg","_links":{"self":[{"href":"https:\/\/agendaparaguay.com\/v2\/wp-json\/wp\/v2\/posts\/48935"}],"collection":[{"href":"https:\/\/agendaparaguay.com\/v2\/wp-json\/wp\/v2\/posts"}],"about":[{"href":"https:\/\/agendaparaguay.com\/v2\/wp-json\/wp\/v2\/types\/post"}],"author":[{"embeddable":true,"href":"https:\/\/agendaparaguay.com\/v2\/wp-json\/wp\/v2\/users\/1"}],"replies":[{"embeddable":true,"href":"https:\/\/agendaparaguay.com\/v2\/wp-json\/wp\/v2\/comments?post=48935"}],"version-history":[{"count":1,"href":"https:\/\/agendaparaguay.com\/v2\/wp-json\/wp\/v2\/posts\/48935\/revisions"}],"predecessor-version":[{"id":48937,"href":"https:\/\/agendaparaguay.com\/v2\/wp-json\/wp\/v2\/posts\/48935\/revisions\/48937"}],"wp:featuredmedia":[{"embeddable":true,"href":"https:\/\/agendaparaguay.com\/v2\/wp-json\/wp\/v2\/media\/48936"}],"wp:attachment":[{"href":"https:\/\/agendaparaguay.com\/v2\/wp-json\/wp\/v2\/media?parent=48935"}],"wp:term":[{"taxonomy":"category","embeddable":true,"href":"https:\/\/agendaparaguay.com\/v2\/wp-json\/wp\/v2\/categories?post=48935"},{"taxonomy":"post_tag","embeddable":true,"href":"https:\/\/agendaparaguay.com\/v2\/wp-json\/wp\/v2\/tags?post=48935"}],"curies":[{"name":"wp","href":"https:\/\/api.w.org\/{rel}","templated":true}]}}