{"id":49016,"date":"2022-11-09T08:30:02","date_gmt":"2022-11-09T11:30:02","guid":{"rendered":"https:\/\/agendaparaguay.com\/v2\/?p=49016"},"modified":"2022-11-09T11:05:05","modified_gmt":"2022-11-09T14:05:05","slug":"silva-facetti-califica-de-abusivo-decreto-de-ejecutivo-sobre-deduccion-del-30-del-iva","status":"publish","type":"post","link":"https:\/\/agendaparaguay.com\/v2\/2022\/11\/09\/silva-facetti-califica-de-abusivo-decreto-de-ejecutivo-sobre-deduccion-del-30-del-iva\/","title":{"rendered":"Silva Facetti califica de \u201cabusivo\u201d Decreto de Ejecutivo sobre deducci\u00f3n del 30% del IVA"},"content":{"rendered":"<p style=\"text-align: justify;\">El senador Fernando Silva Facetti se refiri\u00f3 al decreto presidencial que establece la aplicaci\u00f3n de deducibilidad del IVA del 30% a trabajadores independientes, que fue socializado con empresarios y luego dado a conocer en conferencia de prensa, en Palacio de L\u00f3pez.<!--more--><\/p>\n<p style=\"text-align: justify;\">El legislador resalt\u00f3 que el Poder Ejecutivo hizo \u201cabuso\u201d de su atribuci\u00f3n constitucional de reglamentar leyes y adelant\u00f3 a un proceso de normativa sancionada por el Congreso.<\/p>\n<p style=\"text-align: justify;\">\u201cHaciendo abuso de su atribuci\u00f3n para reglamentar leyes, emite un decreto adelant\u00e1ndose al resultado que podr\u00eda tener el proceso de una ley ya sancionada por el Congreso, que ahora fue remitido al PE para su promulgaci\u00f3n o veto. Tanto la ley sancionada como el decreto N\u00b0 8.175 tratan sobre la misma materia, la posibilidad de DEDUCIR el IVA con diferentes porcentajes\u201d, expres\u00f3 el parlamentario.<\/p>\n<p style=\"text-align: justify;\">El legislador agreg\u00f3 que el Senado sancion\u00f3 deducci\u00f3n del 100% provenientes de adquisici\u00f3n de bienes tanto para usos de oficina, personales y familiares y en auto veh\u00edculos la deducci\u00f3n es hasta el 60%, en tanto que el decreto presidencial establece que los profesionales independientes podr\u00e1n deducir las compras de alimentos y bebidas hechas en el supermercado, aunque hasta en un 30% y mantienen un 30 % para compra de autoveh\u00edculos.<\/p>\n<p style=\"text-align: justify;\">\u201cVetar leyes de manera sistem\u00e1tica es nocivo para equilibrio de poderes, adem\u00e1s el decreto interviene extempor\u00e1neamente en el tratamiento de ley sancionada por el Congreso que en caso de ser objetada totalmente por el Poder Ejecutivo en el Senado votaremos por el \u201crechazo\u201d del veto a fin de que la ley sea promulgada.<\/p>\n","protected":false},"excerpt":{"rendered":"<p>El senador Fernando Silva Facetti se refiri\u00f3 al decreto presidencial que establece la aplicaci\u00f3n de deducibilidad del IVA del 30% a trabajadores independientes, que fue socializado con empresarios y luego&hellip; <\/p>\n","protected":false},"author":1,"featured_media":49017,"comment_status":"closed","ping_status":"open","sticky":false,"template":"","format":"standard","meta":{"sfsi_plus_gutenberg_text_before_share":"","sfsi_plus_gutenberg_show_text_before_share":"","sfsi_plus_gutenberg_icon_type":"","sfsi_plus_gutenberg_icon_alignemt":"","sfsi_plus_gutenburg_max_per_row":"","footnotes":"","_jetpack_memberships_contains_paid_content":false,"jetpack_publicize_message":"","jetpack_publicize_feature_enabled":true,"jetpack_social_post_already_shared":true,"jetpack_social_options":{"image_generator_settings":{"template":"highway","enabled":false},"version":2}},"categories":[3],"tags":[],"jetpack_publicize_connections":[],"jetpack_sharing_enabled":true,"jetpack_featured_media_url":"https:\/\/agendaparaguay.com\/v2\/wp-content\/uploads\/2022\/11\/fernando_silva_facetti_agenda.jpg","_links":{"self":[{"href":"https:\/\/agendaparaguay.com\/v2\/wp-json\/wp\/v2\/posts\/49016"}],"collection":[{"href":"https:\/\/agendaparaguay.com\/v2\/wp-json\/wp\/v2\/posts"}],"about":[{"href":"https:\/\/agendaparaguay.com\/v2\/wp-json\/wp\/v2\/types\/post"}],"author":[{"embeddable":true,"href":"https:\/\/agendaparaguay.com\/v2\/wp-json\/wp\/v2\/users\/1"}],"replies":[{"embeddable":true,"href":"https:\/\/agendaparaguay.com\/v2\/wp-json\/wp\/v2\/comments?post=49016"}],"version-history":[{"count":1,"href":"https:\/\/agendaparaguay.com\/v2\/wp-json\/wp\/v2\/posts\/49016\/revisions"}],"predecessor-version":[{"id":49018,"href":"https:\/\/agendaparaguay.com\/v2\/wp-json\/wp\/v2\/posts\/49016\/revisions\/49018"}],"wp:featuredmedia":[{"embeddable":true,"href":"https:\/\/agendaparaguay.com\/v2\/wp-json\/wp\/v2\/media\/49017"}],"wp:attachment":[{"href":"https:\/\/agendaparaguay.com\/v2\/wp-json\/wp\/v2\/media?parent=49016"}],"wp:term":[{"taxonomy":"category","embeddable":true,"href":"https:\/\/agendaparaguay.com\/v2\/wp-json\/wp\/v2\/categories?post=49016"},{"taxonomy":"post_tag","embeddable":true,"href":"https:\/\/agendaparaguay.com\/v2\/wp-json\/wp\/v2\/tags?post=49016"}],"curies":[{"name":"wp","href":"https:\/\/api.w.org\/{rel}","templated":true}]}}