{"id":49054,"date":"2022-11-10T12:09:31","date_gmt":"2022-11-10T15:09:31","guid":{"rendered":"https:\/\/agendaparaguay.com\/v2\/?p=49054"},"modified":"2022-11-10T14:41:21","modified_gmt":"2022-11-10T17:41:21","slug":"supuesto-ideologo-del-rescate-de-samura-se-fugo-de-tacumbu-esta-madrugada","status":"publish","type":"post","link":"https:\/\/agendaparaguay.com\/v2\/2022\/11\/10\/supuesto-ideologo-del-rescate-de-samura-se-fugo-de-tacumbu-esta-madrugada\/","title":{"rendered":"Supuesto ide\u00f3logo del rescate de \u201cSamura\u201d se fug\u00f3 de Tacumb\u00fa esta madrugada"},"content":{"rendered":"<p style=\"text-align: justify;\">La informaci\u00f3n fue confirmada por el ministro de Justicia, Daniel Ben\u00edtez. Se trata de Hugo C\u00e9sar Laterza Arguello, quien logr\u00f3 ganar la calle junto a otro interno de apellido Alarc\u00f3n.<!--more--><\/p>\n<p style=\"text-align: justify;\">Seg\u00fan el secretario de estado, Laterza ser\u00eda el responsable del rescate del peligroso jefe narco Te\u00f3filo Samudio, alias \u00abSamura\u00bb, adem\u00e1s ser\u00eda el presunto autor del asesinato de 2 efectivos policiales.<\/p>\n<p style=\"text-align: justify;\">Se presume que en horas de la madrugada los pr\u00f3fugos lograron cortar los barrotes del ba\u00f1o, lugar por donde salieron hasta la calle.<\/p>\n","protected":false},"excerpt":{"rendered":"<p>La informaci\u00f3n fue confirmada por el ministro de Justicia, Daniel Ben\u00edtez. Se trata de Hugo C\u00e9sar Laterza Arguello, quien logr\u00f3 ganar la calle junto a otro interno de apellido Alarc\u00f3n.<\/p>\n","protected":false},"author":1,"featured_media":30851,"comment_status":"closed","ping_status":"open","sticky":false,"template":"","format":"standard","meta":{"sfsi_plus_gutenberg_text_before_share":"","sfsi_plus_gutenberg_show_text_before_share":"","sfsi_plus_gutenberg_icon_type":"","sfsi_plus_gutenberg_icon_alignemt":"","sfsi_plus_gutenburg_max_per_row":"","footnotes":"","_jetpack_memberships_contains_paid_content":false,"jetpack_publicize_message":"","jetpack_publicize_feature_enabled":true,"jetpack_social_post_already_shared":true,"jetpack_social_options":{"image_generator_settings":{"template":"highway","enabled":false},"version":2}},"categories":[5],"tags":[],"jetpack_publicize_connections":[],"jetpack_sharing_enabled":true,"jetpack_featured_media_url":"https:\/\/agendaparaguay.com\/v2\/wp-content\/uploads\/2021\/03\/tacumbu_penal.jpg","_links":{"self":[{"href":"https:\/\/agendaparaguay.com\/v2\/wp-json\/wp\/v2\/posts\/49054"}],"collection":[{"href":"https:\/\/agendaparaguay.com\/v2\/wp-json\/wp\/v2\/posts"}],"about":[{"href":"https:\/\/agendaparaguay.com\/v2\/wp-json\/wp\/v2\/types\/post"}],"author":[{"embeddable":true,"href":"https:\/\/agendaparaguay.com\/v2\/wp-json\/wp\/v2\/users\/1"}],"replies":[{"embeddable":true,"href":"https:\/\/agendaparaguay.com\/v2\/wp-json\/wp\/v2\/comments?post=49054"}],"version-history":[{"count":1,"href":"https:\/\/agendaparaguay.com\/v2\/wp-json\/wp\/v2\/posts\/49054\/revisions"}],"predecessor-version":[{"id":49055,"href":"https:\/\/agendaparaguay.com\/v2\/wp-json\/wp\/v2\/posts\/49054\/revisions\/49055"}],"wp:featuredmedia":[{"embeddable":true,"href":"https:\/\/agendaparaguay.com\/v2\/wp-json\/wp\/v2\/media\/30851"}],"wp:attachment":[{"href":"https:\/\/agendaparaguay.com\/v2\/wp-json\/wp\/v2\/media?parent=49054"}],"wp:term":[{"taxonomy":"category","embeddable":true,"href":"https:\/\/agendaparaguay.com\/v2\/wp-json\/wp\/v2\/categories?post=49054"},{"taxonomy":"post_tag","embeddable":true,"href":"https:\/\/agendaparaguay.com\/v2\/wp-json\/wp\/v2\/tags?post=49054"}],"curies":[{"name":"wp","href":"https:\/\/api.w.org\/{rel}","templated":true}]}}