{"id":49071,"date":"2022-11-10T19:24:29","date_gmt":"2022-11-10T22:24:29","guid":{"rendered":"https:\/\/agendaparaguay.com\/v2\/?p=49071"},"modified":"2022-11-10T20:56:04","modified_gmt":"2022-11-10T23:56:04","slug":"eduardo-petta-se-une-al-proyecto-wiens-presidente","status":"publish","type":"post","link":"https:\/\/agendaparaguay.com\/v2\/2022\/11\/10\/eduardo-petta-se-une-al-proyecto-wiens-presidente\/","title":{"rendered":"Eduardo Petta se une al Proyecto Wiens presidente"},"content":{"rendered":"<p style=\"text-align: justify;\">La dupla presidencial Arnoldo Wiens &#8211; Juan Manuel Brunetti recibi\u00f3 esta tarde el apoyo por parte de la Lista 6, Movimiento Educaci\u00f3n Primero de la ANR, liderado por Eduardo Petta, exministro de Educaci\u00f3n que pugnar\u00e1 por el Senado.<!--more--><\/p>\n<p style=\"text-align: justify;\">El anuncio se realiz\u00f3 en conferencia de prensa en el Puesto Comando del Movimiento Fuerza Republicana.<\/p>\n<p style=\"text-align: justify;\">De esta forma, Wiens sum\u00f3 un muy importante respaldo electoral de la nucleaci\u00f3n \u00abEducaci\u00f3n Primero\u00bb, atendiendo que, en las elecciones internas pasadas, Petta obtuvo m\u00e1s de 90 mil votos.<\/p>\n<p style=\"text-align: justify;\">Petta anunci\u00f3 que trabajar\u00e1 con Arnoldo Wiens en la lucha contra la ideolog\u00eda de g\u00e9nero que busca destruir a la familia y filtrarse en el sector educaci\u00f3n.<\/p>\n<p style=\"text-align: justify;\">\u00abWiens ya le quit\u00f3 la tarjeta roja a la ideolog\u00eda de g\u00e9nero y nosotros vamos a entrar con una tijera para cortar todo intento de contaminar la educaci\u00f3n de nuestros ni\u00f1os. Que los padres entren tranquilos\u00bb se\u00f1al\u00f3 el exministro de Educaci\u00f3n.<\/p>\n<p style=\"text-align: justify;\">Agreg\u00f3 que otro eje que trabajar\u00e1 con Wiens es en la reforma del Poder Judicial.<\/p>\n<p style=\"text-align: justify;\">La candidatura presidencial de Fuerza Republicana se consolida a menos de 40 d\u00edas de las internas partidarias del 18 de diciembre. El propio Arnoldo Wiens indic\u00f3 en varios actos que ya alcanz\u00f3 a su oponente y que incluso en varios distritos ya est\u00e1n enfrente, destacando que el objetivo ahora es luchar por sacar la mayor diferencia posible para consolidar la representatividad del movimiento para los diferentes cargos.<\/p>\n","protected":false},"excerpt":{"rendered":"<p>La dupla presidencial Arnoldo Wiens &#8211; Juan Manuel Brunetti recibi\u00f3 esta tarde el apoyo por parte de la Lista 6, Movimiento Educaci\u00f3n Primero de la ANR, liderado por Eduardo Petta,&hellip; <\/p>\n","protected":false},"author":1,"featured_media":49072,"comment_status":"closed","ping_status":"open","sticky":false,"template":"","format":"standard","meta":{"sfsi_plus_gutenberg_text_before_share":"","sfsi_plus_gutenberg_show_text_before_share":"","sfsi_plus_gutenberg_icon_type":"","sfsi_plus_gutenberg_icon_alignemt":"","sfsi_plus_gutenburg_max_per_row":"","footnotes":"","_jetpack_memberships_contains_paid_content":false,"jetpack_publicize_message":"","jetpack_publicize_feature_enabled":true,"jetpack_social_post_already_shared":true,"jetpack_social_options":{"image_generator_settings":{"template":"highway","enabled":false},"version":2}},"categories":[2],"tags":[],"jetpack_publicize_connections":[],"jetpack_sharing_enabled":true,"jetpack_featured_media_url":"https:\/\/agendaparaguay.com\/v2\/wp-content\/uploads\/2022\/11\/arnoldo_wiens_eduardo_petta.jpg","_links":{"self":[{"href":"https:\/\/agendaparaguay.com\/v2\/wp-json\/wp\/v2\/posts\/49071"}],"collection":[{"href":"https:\/\/agendaparaguay.com\/v2\/wp-json\/wp\/v2\/posts"}],"about":[{"href":"https:\/\/agendaparaguay.com\/v2\/wp-json\/wp\/v2\/types\/post"}],"author":[{"embeddable":true,"href":"https:\/\/agendaparaguay.com\/v2\/wp-json\/wp\/v2\/users\/1"}],"replies":[{"embeddable":true,"href":"https:\/\/agendaparaguay.com\/v2\/wp-json\/wp\/v2\/comments?post=49071"}],"version-history":[{"count":1,"href":"https:\/\/agendaparaguay.com\/v2\/wp-json\/wp\/v2\/posts\/49071\/revisions"}],"predecessor-version":[{"id":49073,"href":"https:\/\/agendaparaguay.com\/v2\/wp-json\/wp\/v2\/posts\/49071\/revisions\/49073"}],"wp:featuredmedia":[{"embeddable":true,"href":"https:\/\/agendaparaguay.com\/v2\/wp-json\/wp\/v2\/media\/49072"}],"wp:attachment":[{"href":"https:\/\/agendaparaguay.com\/v2\/wp-json\/wp\/v2\/media?parent=49071"}],"wp:term":[{"taxonomy":"category","embeddable":true,"href":"https:\/\/agendaparaguay.com\/v2\/wp-json\/wp\/v2\/categories?post=49071"},{"taxonomy":"post_tag","embeddable":true,"href":"https:\/\/agendaparaguay.com\/v2\/wp-json\/wp\/v2\/tags?post=49071"}],"curies":[{"name":"wp","href":"https:\/\/api.w.org\/{rel}","templated":true}]}}