{"id":49074,"date":"2022-11-10T19:29:06","date_gmt":"2022-11-10T22:29:06","guid":{"rendered":"https:\/\/agendaparaguay.com\/v2\/?p=49074"},"modified":"2022-11-10T20:56:20","modified_gmt":"2022-11-10T23:56:20","slug":"santi-pena-aboga-por-una-mayor-insercion-de-paraguay-en-el-mundo","status":"publish","type":"post","link":"https:\/\/agendaparaguay.com\/v2\/2022\/11\/10\/santi-pena-aboga-por-una-mayor-insercion-de-paraguay-en-el-mundo\/","title":{"rendered":"Santi Pe\u00f1a aboga por una mayor inserci\u00f3n de Paraguay en el mundo"},"content":{"rendered":"<p style=\"text-align: justify;\">En el marco de su segunda gira por Argentina, el precandidato a la presidencia de la rep\u00fablica del Paraguay, Santiago Pe\u00f1a, fue entrevistado por Alfredo Leuco en Radio Mitre, donde habl\u00f3 sobre sus expectativas para las internas que se vienen, adem\u00e1s, se explay\u00f3 sobre sus planes de gobierno para que todos los paraguayos est\u00e9n mejor y sobre su deseo de una mayor inserci\u00f3n de Paraguay en el mundo.<!--more--><\/p>\n<p style=\"text-align: justify;\">Sobre el actual proceso electoral y las internas del pr\u00f3ximo 18 de diciembre, Pe\u00f1a dijo que tiene mucha fe, ya que por segunda vez intentar\u00e1 llegar a la presidencia. \u201cHace cinco a\u00f1os compet\u00ed contra el actual presidente, me qued\u00e9 con el 43% de los votos y actualmente las encuestas me dan una amplia ventaja. Ahora estamos a cinco semanas para poder materializar esa intenci\u00f3n de votos, y se siente un aire de mucho optimismo\u201d, se\u00f1al\u00f3.<\/p>\n<p style=\"text-align: justify;\">Agreg\u00f3 que Paraguay es un pa\u00eds que est\u00e1 avanzando mucho en t\u00e9rminos econ\u00f3micos, pero que todav\u00eda hay un gran trabajo por delante, por lo que cree que es la persona indicada.<\/p>\n<p style=\"text-align: justify;\">El presidenciable tambi\u00e9n fue consultado sobre la expectativa de votos que tiene sobre los paraguayos residentes en Argentina, a lo que contest\u00f3 que en el padr\u00f3n nacional est\u00e1n actualmente empadronados 30 mil votantes, as\u00ed tambi\u00e9n en el padr\u00f3n partidario hay 10 mil votantes. La poblaci\u00f3n paraguaya en Argentina tiene una enorme influencia sobre sus parientes en Paraguay\u201d, asever\u00f3.<\/p>\n<p style=\"text-align: justify;\">Propuestas de campa\u00f1a y Paraguay para el mundo<\/p>\n<p style=\"text-align: justify;\">Sobre sus propuestas de campa\u00f1a y la situaci\u00f3n actual de la econom\u00eda, Pe\u00f1a dijo que Paraguay tiene buenos fundamentos econ\u00f3micos, que tiene buena base, adem\u00e1s de estabilidad monetaria y fiscal, no obstante, mencion\u00f3 que la sociedad paraguaya tiene el deseo de progresar y que necesita una oportunidad para tener atenci\u00f3n m\u00e9dica, mejor acceso a educaci\u00f3n de calidad y empleo. \u201cEl paraguayo quiere trabajar y eso para mi es una de las grandes ventajas en este contexto latinoamericano que estamos viviendo. La econom\u00eda es sana, pero necesita generar oportunidades de empleo de mayor calidad y ese es el gran desaf\u00edo que yo tengo\u201d, afirm\u00f3.<\/p>\n<p style=\"text-align: justify;\">Finalmente, sobre la inserci\u00f3n de Paraguay en el mundo, asever\u00f3 que el pa\u00eds ya ha sido receptor de inversores uruguayos, argentinos, brasileros, pero sigue siendo un mercado poco conocido, por lo que todav\u00eda los paraguayos tienen que hacer el trabajo de mostrar el pa\u00eds al mundo. Al mismo tiempo, record\u00f3 al escritor paraguayo Augusto Roa Bastos, que en una de sus obras cumbre, dec\u00eda que Paraguay es una isla rodeada de tierra, y que de esa manera trat\u00f3 de graficar c\u00f3mo el pa\u00eds se aisl\u00f3 de la regi\u00f3n y del mundo en su momento. \u201cPero esta es una nueva generaci\u00f3n de la cual yo me siento parte, porque tenemos una mirada m\u00e1s moderna y de una inserci\u00f3n mayor en el mundo. En los \u00faltimos a\u00f1os hemos visto con buenos ojos c\u00f3mo el Paraguay ha cambiado su fisonom\u00eda en t\u00e9rminos de inversiones y acceso a mercados como el de la carne y los granos, pero tambi\u00e9n se han instalado nuevas industrias\u201d, agreg\u00f3 Pe\u00f1a.<\/p>\n","protected":false},"excerpt":{"rendered":"<p>En el marco de su segunda gira por Argentina, el precandidato a la presidencia de la rep\u00fablica del Paraguay, Santiago Pe\u00f1a, fue entrevistado por Alfredo Leuco en Radio Mitre, donde&hellip; <\/p>\n","protected":false},"author":1,"featured_media":47381,"comment_status":"closed","ping_status":"open","sticky":false,"template":"","format":"standard","meta":{"sfsi_plus_gutenberg_text_before_share":"","sfsi_plus_gutenberg_show_text_before_share":"","sfsi_plus_gutenberg_icon_type":"","sfsi_plus_gutenberg_icon_alignemt":"","sfsi_plus_gutenburg_max_per_row":"","footnotes":"","_jetpack_memberships_contains_paid_content":false,"jetpack_publicize_message":"","jetpack_publicize_feature_enabled":true,"jetpack_social_post_already_shared":true,"jetpack_social_options":{"image_generator_settings":{"template":"highway","enabled":false},"version":2}},"categories":[2],"tags":[],"jetpack_publicize_connections":[],"jetpack_sharing_enabled":true,"jetpack_featured_media_url":"https:\/\/agendaparaguay.com\/v2\/wp-content\/uploads\/2022\/09\/santi_pena.jpg","_links":{"self":[{"href":"https:\/\/agendaparaguay.com\/v2\/wp-json\/wp\/v2\/posts\/49074"}],"collection":[{"href":"https:\/\/agendaparaguay.com\/v2\/wp-json\/wp\/v2\/posts"}],"about":[{"href":"https:\/\/agendaparaguay.com\/v2\/wp-json\/wp\/v2\/types\/post"}],"author":[{"embeddable":true,"href":"https:\/\/agendaparaguay.com\/v2\/wp-json\/wp\/v2\/users\/1"}],"replies":[{"embeddable":true,"href":"https:\/\/agendaparaguay.com\/v2\/wp-json\/wp\/v2\/comments?post=49074"}],"version-history":[{"count":1,"href":"https:\/\/agendaparaguay.com\/v2\/wp-json\/wp\/v2\/posts\/49074\/revisions"}],"predecessor-version":[{"id":49075,"href":"https:\/\/agendaparaguay.com\/v2\/wp-json\/wp\/v2\/posts\/49074\/revisions\/49075"}],"wp:featuredmedia":[{"embeddable":true,"href":"https:\/\/agendaparaguay.com\/v2\/wp-json\/wp\/v2\/media\/47381"}],"wp:attachment":[{"href":"https:\/\/agendaparaguay.com\/v2\/wp-json\/wp\/v2\/media?parent=49074"}],"wp:term":[{"taxonomy":"category","embeddable":true,"href":"https:\/\/agendaparaguay.com\/v2\/wp-json\/wp\/v2\/categories?post=49074"},{"taxonomy":"post_tag","embeddable":true,"href":"https:\/\/agendaparaguay.com\/v2\/wp-json\/wp\/v2\/tags?post=49074"}],"curies":[{"name":"wp","href":"https:\/\/api.w.org\/{rel}","templated":true}]}}