{"id":49125,"date":"2022-11-13T19:41:09","date_gmt":"2022-11-13T22:41:09","guid":{"rendered":"https:\/\/agendaparaguay.com\/v2\/?p=49125"},"modified":"2022-11-14T07:06:49","modified_gmt":"2022-11-14T10:06:49","slug":"en-conversatorio-analizan-situacion-y-necesidades-del-ministerio-publico","status":"publish","type":"post","link":"https:\/\/agendaparaguay.com\/v2\/2022\/11\/13\/en-conversatorio-analizan-situacion-y-necesidades-del-ministerio-publico\/","title":{"rendered":"En conversatorio, analizan situaci\u00f3n y necesidades del Ministerio P\u00fablico"},"content":{"rendered":"<p style=\"text-align: justify;\">Lo que calificaron como \u00abun hito hist\u00f3rico para la vida institucional\u00bb, la Asociaci\u00f3n de Funcionarios del Ministerio P\u00fablico llev\u00f3 a cabo el Conversatorio con la Sociedad Civil, \u00abcon miras a las elecciones para la Fiscal\u00eda General del Estado.<!--more--><\/p>\n<p style=\"text-align: justify;\">Se trata de una mirada interna para el fortalecimiento Institucional\u00bb, se\u00f1alaron los organizadores.<\/p>\n<p style=\"text-align: justify;\">Es organizado por la Asociaci\u00f3n conjuntamente con la Alianza de Organizaciones de la Sociedad Civil ante el inicio del proceso de elecci\u00f3n del nuevo Fiscal General del Estado. Acompa\u00f1aron la iniciativa, la Asociaci\u00f3n de Agentes Fiscales, Sindicato de Asistentes Fiscales del Paraguay, Asociaci\u00f3n de Peritos del Laboratorio Forense, Asociaci\u00f3n de Psic\u00f3logos Forenses del Ministerio P\u00fablico y de la Cooperativa Multiactiva de Funcionarios del Ministerio P\u00fablico.<\/p>\n<p style=\"text-align: justify;\">Francisco Alcaraz de la Fundaci\u00f3n CIRD dio apertura al Conversatorio exponiendo los antecedentes de que la sociedad civil debe involucrarse en la elecci\u00f3n del nuevo\/a Fiscal\/a General del Estado, atendiendo a su rol constitucional de representar a la sociedad ante los \u00f3rganos jurisdiccionales del Estado.<\/p>\n<p style=\"text-align: justify;\">Por su parte, Javier Contreras del ICED contextualiz\u00f3 El rol del Ministerio P\u00fablico y el Perfil del Fiscal General del Estado que necesita el Paraguay.<\/p>\n<p style=\"text-align: justify;\">Asimismo, los representantes de la Asociaci\u00f3n de Fiscales y de los gremios de funcionarios del Ministerio P\u00fablico relataron su visi\u00f3n para el fortalecimiento institucional de la Fiscal\u00eda General del Estado. Entre las debilidades institucionales citaron: carencia de peritos, de auditores, de psic\u00f3logos forenses, la necesidad de contar con m\u00e1s recursos tecnol\u00f3gicos y presupuestarios que apoyen la labor del Ministerio P\u00fablico, de lo contrario esto debilitar\u00e1 la labor de quien asuma en la pr\u00f3xima gesti\u00f3n. As\u00ed tambi\u00e9n la importancia de fortalecer la independencia no s\u00f3lo del Ministerio P\u00fablico, sino tambi\u00e9n de todo el Sistema de Justicia.<\/p>\n<p style=\"text-align: justify;\">Tambi\u00e9n manifestaron su preocupaci\u00f3n de que debilitar al Ministerio P\u00fablico es una politica que se ha estado ejerciendo en su contra lo que dificulta la prestaci\u00f3n de servicios en \u00f3ptima calidad y que esto act\u00faa en detrimento de la ciudadan\u00eda.<\/p>\n<p style=\"text-align: justify;\">Durante el Conversatorio con la Sociedad Civil, la Asociaci\u00f3n de Funcionarios del Ministerio P\u00fablico, realiz\u00f3 una presentaci\u00f3n sobre la realidad presupuestaria institucional, la cantidad de causas ingresadas de 238.000 al a\u00f1o, as\u00ed como los hechos punibles m\u00e1s denunciados. As\u00ed tambi\u00e9n refiri\u00f3 que ante los recortes presupuestarios el Ministerio P\u00fablico cuenta con solo 60 Psic\u00f3logos Forenses a nivel pa\u00eds, se requiere m\u00e1s personal m\u00e9dicos forenses, peritos, ch\u00f3feres y agentes fiscales.<\/p>\n<p style=\"text-align: justify;\">Destacaron que el perfil del nuevo titular del Ministerio P\u00fablico debe ser integridad comprobada, coraje c\u00edvico, capacidad de gesti\u00f3n de una instituci\u00f3n muy compleja y con una amplia apertura a la sociedad, a trav\u00e9s de mecanismos que permitan acercarse a la ciudadan\u00eda.<\/p>\n<p style=\"text-align: justify;\">La alianza de organizaciones de la Sociedad Civil paraguaya impulsan estos conversatorios Centro De Estudios Judiciales, Ceamso Ong, Fundaci\u00f3n CIRD, Instituto de Econom\u00eda y Negocios, FEDEM Py &#8211; Vecinalismo Paraguayo, Fundaci\u00f3n Libre, CAP, ICED y Semillas Para la Democracia.<\/p>\n<p style=\"text-align: justify;\">Del encuentro, participaron igualmente, referentes de la Sociedad Civil los l\u00edderes gremiales de la Asociaci\u00f3n de Funcionarios del Ministerio P\u00fablico, Abg Mariano Bareiro, el Pte de la Asociaci\u00f3n de Agentes Fiscales del Paraguay, Dr Augusto Salas, el Secretario General de Asistentes Fiscales del Paraguay, Justo Guanes, as\u00ed tambi\u00e9n la Pta de Psic\u00f3logos Forenses del Ministerio P\u00fablico, Cecilia Mancuello, la Presidenta de la Asociaci\u00f3n de Peritos del Laboratorio Forense Rosa Flor, en representaci\u00f3n de la Cooperativa Multiactiva de Funcionarios del Ministerio P\u00fablico, Roberto Villar y as\u00ed tambi\u00e9n varios asociados de AFUMPY.<\/p>\n","protected":false},"excerpt":{"rendered":"<p>Lo que calificaron como \u00abun hito hist\u00f3rico para la vida institucional\u00bb, la Asociaci\u00f3n de Funcionarios del Ministerio P\u00fablico llev\u00f3 a cabo el Conversatorio con la Sociedad Civil, \u00abcon miras a&hellip; <\/p>\n","protected":false},"author":1,"featured_media":49126,"comment_status":"closed","ping_status":"open","sticky":false,"template":"","format":"standard","meta":{"sfsi_plus_gutenberg_text_before_share":"","sfsi_plus_gutenberg_show_text_before_share":"","sfsi_plus_gutenberg_icon_type":"","sfsi_plus_gutenberg_icon_alignemt":"","sfsi_plus_gutenburg_max_per_row":"","footnotes":"","_jetpack_memberships_contains_paid_content":false,"jetpack_publicize_message":"","jetpack_publicize_feature_enabled":true,"jetpack_social_post_already_shared":true,"jetpack_social_options":{"image_generator_settings":{"template":"highway","enabled":false},"version":2}},"categories":[2],"tags":[],"jetpack_publicize_connections":[],"jetpack_sharing_enabled":true,"jetpack_featured_media_url":"https:\/\/agendaparaguay.com\/v2\/wp-content\/uploads\/2022\/11\/fiscalia_conversatorio.jpg","_links":{"self":[{"href":"https:\/\/agendaparaguay.com\/v2\/wp-json\/wp\/v2\/posts\/49125"}],"collection":[{"href":"https:\/\/agendaparaguay.com\/v2\/wp-json\/wp\/v2\/posts"}],"about":[{"href":"https:\/\/agendaparaguay.com\/v2\/wp-json\/wp\/v2\/types\/post"}],"author":[{"embeddable":true,"href":"https:\/\/agendaparaguay.com\/v2\/wp-json\/wp\/v2\/users\/1"}],"replies":[{"embeddable":true,"href":"https:\/\/agendaparaguay.com\/v2\/wp-json\/wp\/v2\/comments?post=49125"}],"version-history":[{"count":1,"href":"https:\/\/agendaparaguay.com\/v2\/wp-json\/wp\/v2\/posts\/49125\/revisions"}],"predecessor-version":[{"id":49127,"href":"https:\/\/agendaparaguay.com\/v2\/wp-json\/wp\/v2\/posts\/49125\/revisions\/49127"}],"wp:featuredmedia":[{"embeddable":true,"href":"https:\/\/agendaparaguay.com\/v2\/wp-json\/wp\/v2\/media\/49126"}],"wp:attachment":[{"href":"https:\/\/agendaparaguay.com\/v2\/wp-json\/wp\/v2\/media?parent=49125"}],"wp:term":[{"taxonomy":"category","embeddable":true,"href":"https:\/\/agendaparaguay.com\/v2\/wp-json\/wp\/v2\/categories?post=49125"},{"taxonomy":"post_tag","embeddable":true,"href":"https:\/\/agendaparaguay.com\/v2\/wp-json\/wp\/v2\/tags?post=49125"}],"curies":[{"name":"wp","href":"https:\/\/api.w.org\/{rel}","templated":true}]}}