{"id":49339,"date":"2022-11-21T15:06:37","date_gmt":"2022-11-21T18:06:37","guid":{"rendered":"https:\/\/agendaparaguay.com\/v2\/?p=49339"},"modified":"2022-11-21T17:58:23","modified_gmt":"2022-11-21T20:58:23","slug":"habilitaran-plataforma-online-para-denunciar-torturas-dentro-del-sistema-penitenciario","status":"publish","type":"post","link":"https:\/\/agendaparaguay.com\/v2\/2022\/11\/21\/habilitaran-plataforma-online-para-denunciar-torturas-dentro-del-sistema-penitenciario\/","title":{"rendered":"Habilitar\u00e1n plataforma ONLINE para denunciar torturas dentro del sistema penitenciario"},"content":{"rendered":"<p style=\"text-align: justify;\">El Ministerio de Justicia firm\u00f3 un convenio con el Mecanismo Nacional de Prevenci\u00f3n de la Tortura (MNP), el Ministerio de la Defensa P\u00fablica (MDP), y la Asociaci\u00f3n Tecnolog\u00eda, Educaci\u00f3n, Desarrollo, Investigaci\u00f3n y Comunicaci\u00f3n (Tedic); a fin de desarrollar una plataforma en l\u00ednea para realizar denuncias sobre hechos de torturas dentro de los establecimientos penitenciarios. El acto se realiz\u00f3 este lunes en el despacho del ministro de Justicia Daniel Ben\u00edtez, quien valor\u00f3 la iniciativa.<!--more--><\/p>\n<p style=\"text-align: justify;\">Acompa\u00f1aron al titular de Justicia, la Defensora General del MDP Lorena Segovia, la comisionada del MNP Sonia Von Lepel y la representante legal de la Asociaci\u00f3n Tecnolog\u00eda, Educaci\u00f3n, Desarrollo, Investigaci\u00f3n y Comunicaci\u00f3n (Tedic) Maricarmen Sequera, entre otras autoridades.<\/p>\n<p style=\"text-align: justify;\">El acuerdo tiene por objeto coordinar el desarrollo, implementaci\u00f3n y mantenimiento de la plataforma web de reporte de torturas, donde la Tedic se encargar\u00e1 del \u00e1rea t\u00e9cnica. En ese sentido, Tedic se har\u00e1 responsable del proceso de implementaci\u00f3n de la plataforma web que consistir\u00e1 en el mantenimiento, soporte t\u00e9cnico y actualizaciones de la plataforma hasta al momento de la migraci\u00f3n a los sistemas del Ministerio de Tecnolog\u00eda de la Informaci\u00f3n y Comunicaci\u00f3n (Mitic).<\/p>\n<p style=\"text-align: justify;\">Adem\u00e1s, la alianza interinstitucional prev\u00e9 conformar un equipo de trabajo t\u00e9cnico entre instituciones del Estado, responsables de la rendici\u00f3n de cuentas y participaci\u00f3n ciudadana para garantizar la apertura y accesibilidad a la web.<\/p>\n<p style=\"text-align: justify;\">\u201cEstamos en un proceso de cambios, de un sistema penitenciario degradado y desfasado a un nuevo sistema penitenciario, y esto tambi\u00e9n va a ayudar a que sigamos mejorando en lo que refiere a la lucha en contra la tortura y los malos tratos, que estos datos sirvan para detectar cu\u00e1l es el problema y de all\u00ed formular las pol\u00edticas p\u00fablicas que puedan dar una soluci\u00f3n efectiva a ese problema\u201d, dijo el ministro Ben\u00edtez.<\/p>\n<p style=\"text-align: justify;\">El proceso de dise\u00f1o del modelo de sistematizaci\u00f3n y entrega de la informaci\u00f3n, as\u00ed como los criterios del observatorio de los casos de torturas ser\u00e1n responsablemente procesados para la elaboraci\u00f3n del informe final que deber\u00e1 ser presentado en la web.<\/p>\n<p style=\"text-align: justify;\">\u201cUna vez que tenemos organizado y podemos plantear una denuncia, posibilita tener el seguimiento, y tendr\u00edamos que avanzar hacia el seguimiento de esa denuncia que se introduce, y yo creo que eso se puede llevar adelante\u201d, mencion\u00f3 Lorena Segovia, Defensora General del MDP.<\/p>\n<p style=\"text-align: justify;\">De igual manera, se proyecta la creaci\u00f3n de un plan de discusi\u00f3n y difusi\u00f3n de los datos relevados con las instancias, llevar adelante actividades de intercambio, capacitaci\u00f3n y cooperaci\u00f3n dentro del \u00e1mbito pertinente.<\/p>\n<p style=\"text-align: justify;\">Asimismo, se garantiza la seguridad en el manejo de las denuncias y de la fiabilidad del sistema de inviolabilidad del sistema inform\u00e1tico, a la vez de anunciar una versi\u00f3n m\u00f3vil mediante una APP, que facilite todav\u00eda m\u00e1s el acceso al espacio virtual mediante el uso del celular<\/p>\n<p>&nbsp;<\/p>\n<p>&nbsp;<\/p>\n","protected":false},"excerpt":{"rendered":"<p>El Ministerio de Justicia firm\u00f3 un convenio con el Mecanismo Nacional de Prevenci\u00f3n de la Tortura (MNP), el Ministerio de la Defensa P\u00fablica (MDP), y la Asociaci\u00f3n Tecnolog\u00eda, Educaci\u00f3n, Desarrollo,&hellip; <\/p>\n","protected":false},"author":1,"featured_media":49340,"comment_status":"closed","ping_status":"open","sticky":false,"template":"","format":"standard","meta":{"sfsi_plus_gutenberg_text_before_share":"","sfsi_plus_gutenberg_show_text_before_share":"","sfsi_plus_gutenberg_icon_type":"","sfsi_plus_gutenberg_icon_alignemt":"","sfsi_plus_gutenburg_max_per_row":"","footnotes":"","_jetpack_memberships_contains_paid_content":false,"jetpack_publicize_message":"","jetpack_publicize_feature_enabled":true,"jetpack_social_post_already_shared":true,"jetpack_social_options":{"image_generator_settings":{"template":"highway","enabled":false},"version":2}},"categories":[2],"tags":[],"jetpack_publicize_connections":[],"jetpack_sharing_enabled":true,"jetpack_featured_media_url":"https:\/\/agendaparaguay.com\/v2\/wp-content\/uploads\/2022\/11\/mj_benitez_mdp_lorena.jpg","_links":{"self":[{"href":"https:\/\/agendaparaguay.com\/v2\/wp-json\/wp\/v2\/posts\/49339"}],"collection":[{"href":"https:\/\/agendaparaguay.com\/v2\/wp-json\/wp\/v2\/posts"}],"about":[{"href":"https:\/\/agendaparaguay.com\/v2\/wp-json\/wp\/v2\/types\/post"}],"author":[{"embeddable":true,"href":"https:\/\/agendaparaguay.com\/v2\/wp-json\/wp\/v2\/users\/1"}],"replies":[{"embeddable":true,"href":"https:\/\/agendaparaguay.com\/v2\/wp-json\/wp\/v2\/comments?post=49339"}],"version-history":[{"count":1,"href":"https:\/\/agendaparaguay.com\/v2\/wp-json\/wp\/v2\/posts\/49339\/revisions"}],"predecessor-version":[{"id":49341,"href":"https:\/\/agendaparaguay.com\/v2\/wp-json\/wp\/v2\/posts\/49339\/revisions\/49341"}],"wp:featuredmedia":[{"embeddable":true,"href":"https:\/\/agendaparaguay.com\/v2\/wp-json\/wp\/v2\/media\/49340"}],"wp:attachment":[{"href":"https:\/\/agendaparaguay.com\/v2\/wp-json\/wp\/v2\/media?parent=49339"}],"wp:term":[{"taxonomy":"category","embeddable":true,"href":"https:\/\/agendaparaguay.com\/v2\/wp-json\/wp\/v2\/categories?post=49339"},{"taxonomy":"post_tag","embeddable":true,"href":"https:\/\/agendaparaguay.com\/v2\/wp-json\/wp\/v2\/tags?post=49339"}],"curies":[{"name":"wp","href":"https:\/\/api.w.org\/{rel}","templated":true}]}}