{"id":49952,"date":"2022-12-14T11:07:01","date_gmt":"2022-12-14T14:07:01","guid":{"rendered":"https:\/\/agendaparaguay.com\/v2\/?p=49952"},"modified":"2022-12-14T19:50:38","modified_gmt":"2022-12-14T22:50:38","slug":"senador-presenta-denuncia-ante-la-fiscalia-por-supuesta-recaudacion-paralela-en-la-caminera","status":"publish","type":"post","link":"https:\/\/agendaparaguay.com\/v2\/2022\/12\/14\/senador-presenta-denuncia-ante-la-fiscalia-por-supuesta-recaudacion-paralela-en-la-caminera\/","title":{"rendered":"Senador presenta denuncia ante la Fiscal\u00eda por supuesta recaudaci\u00f3n paralela en la Caminera"},"content":{"rendered":"<p style=\"text-align: justify;\">El senador Mart\u00edn Ar\u00e9valo present\u00f3 hoy una denuncia penal ante la Fiscal\u00eda General del Estado contra personas innominadas por supuesta recaudaci\u00f3n paralela en la Patrulla Caminera.<!--more--><\/p>\n<p style=\"text-align: justify;\">El legislador indic\u00f3 que son 14 puestos de control de la Caminera y seg\u00fan recibi\u00f3 denuncias de los propios funcionarios, los mismos ser\u00edan obligados a recaudar G. 18 millones semanales que sumando los 14 puestos asciende a G. 252 millones a la semana.<\/p>\n<p style=\"text-align: justify;\">Este dinero no ingresa a las arcas del estado, ya que seg\u00fan indic\u00f3, no emiten facturas ya que \u00abse arreglan las infracciones con descuentos\u00bb, lo que termina en las cajas paralelas.<\/p>\n<p style=\"text-align: justify;\">Adem\u00e1s, el legislador pidi\u00f3 que sean investigados los jefes de cada destacamento, ya que tendr\u00edan bienes que no se ajustan a sus niveles de ingresos salariales.<\/p>\n<p style=\"text-align: justify;\">\u00abYa recib\u00ed varias denuncias de la presi\u00f3n a que someten a funcionarios para recaudar G. 18 millones en la caja paralela y sin emitir facturas en cada destacamento de control\u00bb, se\u00f1al\u00f3 Ar\u00e9valo.<\/p>\n<p style=\"text-align: justify;\">\u00abCreo que la Fiscal\u00eda debe investigar y en mi condici\u00f3n de legislador cumpl\u00ed con denunciar que es lo que corresponde. No se puede tolerar m\u00e1s la situaci\u00f3n, porque con esta recaudaci\u00f3n se le priva al estado de recibir estos ingresos\u00bb, agreg\u00f3.<\/p>\n<p style=\"text-align: justify;\">Ar\u00e9valo habl\u00f3 de da\u00f1o patrimonial al estado. \u00abHice menci\u00f3n sobre enriquecimiento il\u00edcito de responsables de estos puestos controles. creo que varios se est\u00e1n enriqueciendo con estas recaudaciones paralelas\u00bb, sentenci\u00f3.<\/p>\n","protected":false},"excerpt":{"rendered":"<p>El senador Mart\u00edn Ar\u00e9valo present\u00f3 hoy una denuncia penal ante la Fiscal\u00eda General del Estado contra personas innominadas por supuesta recaudaci\u00f3n paralela en la Patrulla Caminera.<\/p>\n","protected":false},"author":1,"featured_media":49954,"comment_status":"closed","ping_status":"open","sticky":false,"template":"","format":"standard","meta":{"sfsi_plus_gutenberg_text_before_share":"","sfsi_plus_gutenberg_show_text_before_share":"","sfsi_plus_gutenberg_icon_type":"","sfsi_plus_gutenberg_icon_alignemt":"","sfsi_plus_gutenburg_max_per_row":"","footnotes":"","_jetpack_memberships_contains_paid_content":false,"jetpack_publicize_message":"","jetpack_publicize_feature_enabled":true,"jetpack_social_post_already_shared":true,"jetpack_social_options":{"image_generator_settings":{"template":"highway","enabled":false},"version":2}},"categories":[3],"tags":[],"jetpack_publicize_connections":[],"jetpack_sharing_enabled":true,"jetpack_featured_media_url":"https:\/\/agendaparaguay.com\/v2\/wp-content\/uploads\/2022\/12\/martin_arevalo_0.jpg","_links":{"self":[{"href":"https:\/\/agendaparaguay.com\/v2\/wp-json\/wp\/v2\/posts\/49952"}],"collection":[{"href":"https:\/\/agendaparaguay.com\/v2\/wp-json\/wp\/v2\/posts"}],"about":[{"href":"https:\/\/agendaparaguay.com\/v2\/wp-json\/wp\/v2\/types\/post"}],"author":[{"embeddable":true,"href":"https:\/\/agendaparaguay.com\/v2\/wp-json\/wp\/v2\/users\/1"}],"replies":[{"embeddable":true,"href":"https:\/\/agendaparaguay.com\/v2\/wp-json\/wp\/v2\/comments?post=49952"}],"version-history":[{"count":1,"href":"https:\/\/agendaparaguay.com\/v2\/wp-json\/wp\/v2\/posts\/49952\/revisions"}],"predecessor-version":[{"id":49953,"href":"https:\/\/agendaparaguay.com\/v2\/wp-json\/wp\/v2\/posts\/49952\/revisions\/49953"}],"wp:featuredmedia":[{"embeddable":true,"href":"https:\/\/agendaparaguay.com\/v2\/wp-json\/wp\/v2\/media\/49954"}],"wp:attachment":[{"href":"https:\/\/agendaparaguay.com\/v2\/wp-json\/wp\/v2\/media?parent=49952"}],"wp:term":[{"taxonomy":"category","embeddable":true,"href":"https:\/\/agendaparaguay.com\/v2\/wp-json\/wp\/v2\/categories?post=49952"},{"taxonomy":"post_tag","embeddable":true,"href":"https:\/\/agendaparaguay.com\/v2\/wp-json\/wp\/v2\/tags?post=49952"}],"curies":[{"name":"wp","href":"https:\/\/api.w.org\/{rel}","templated":true}]}}