{"id":49968,"date":"2022-12-14T23:23:07","date_gmt":"2022-12-15T02:23:07","guid":{"rendered":"https:\/\/agendaparaguay.com\/v2\/?p=49968"},"modified":"2022-12-15T07:14:49","modified_gmt":"2022-12-15T10:14:49","slug":"senado-convoca-a-sesion-extra-para-dar-entrada-a-pedido-de-acuerdo-para-emiliano-rolon","status":"publish","type":"post","link":"https:\/\/agendaparaguay.com\/v2\/2022\/12\/14\/senado-convoca-a-sesion-extra-para-dar-entrada-a-pedido-de-acuerdo-para-emiliano-rolon\/","title":{"rendered":"Senado convoca a sesi\u00f3n extra para dar entrada a pedido de acuerdo para Emiliano Rol\u00f3n"},"content":{"rendered":"<p style=\"text-align: justify;\">Resoluci\u00f3n mediante, el presidente del senado, Oscar Salom\u00f3n convoc\u00f3 a sesi\u00f3n extraordinaria a fin de dar entrada al mensaje del Poder Ejecutivo por el que solicita acuerdo constitucional a favor del designado Fiscal General del Estado, Emiliano Rol\u00f3n Fern\u00e1ndez.<!--more--><\/p>\n<p style=\"text-align: justify;\">Rol\u00f3n, de lograr el acuerdo, reemplazar\u00e1 a la Dra. Sandra Qui\u00f1onez como titular del Ministerio P\u00fablico, desde abril del pr\u00f3ximo a\u00f1o.<\/p>\n<p style=\"text-align: justify;\">Integraba la terna junto con los doctores Cecilia P\u00e9rez y Gustavo Santander.<\/p>\n<blockquote class=\"twitter-tweet\" data-width=\"550\" data-dnt=\"true\">\n<p lang=\"es\" dir=\"ltr\">El pdte de la Rep\u00fablica <a href=\"https:\/\/twitter.com\/MaritoAbdo?ref_src=twsrc%5Etfw\">@MaritoAbdo<\/a> designa al Dr. Emiliano Rol\u00f3n Fern\u00e1ndez como Fiscal General del Estado y pide el acuerdo constitucional del Senado <a href=\"https:\/\/t.co\/KmA1kNaJRf\">pic.twitter.com\/KmA1kNaJRf<\/a><\/p>\n<p>&mdash; Agenda Paraguay (@agparaguay) <a href=\"https:\/\/twitter.com\/agparaguay\/status\/1603187244868800513?ref_src=twsrc%5Etfw\">December 15, 2022<\/a><\/p><\/blockquote>\n<p><script async src=\"https:\/\/platform.twitter.com\/widgets.js\" charset=\"utf-8\"><\/script><\/p>\n<p style=\"text-align: justify;\">\n","protected":false},"excerpt":{"rendered":"<p>Resoluci\u00f3n mediante, el presidente del senado, Oscar Salom\u00f3n convoc\u00f3 a sesi\u00f3n extraordinaria a fin de dar entrada al mensaje del Poder Ejecutivo por el que solicita acuerdo constitucional a favor&hellip; <\/p>\n","protected":false},"author":1,"featured_media":34909,"comment_status":"closed","ping_status":"open","sticky":false,"template":"","format":"standard","meta":{"sfsi_plus_gutenberg_text_before_share":"","sfsi_plus_gutenberg_show_text_before_share":"","sfsi_plus_gutenberg_icon_type":"","sfsi_plus_gutenberg_icon_alignemt":"","sfsi_plus_gutenburg_max_per_row":"","footnotes":"","_jetpack_memberships_contains_paid_content":false,"jetpack_publicize_message":"","jetpack_publicize_feature_enabled":true,"jetpack_social_post_already_shared":true,"jetpack_social_options":{"image_generator_settings":{"template":"highway","enabled":false},"version":2}},"categories":[3],"tags":[],"jetpack_publicize_connections":[],"jetpack_sharing_enabled":true,"jetpack_featured_media_url":"https:\/\/agendaparaguay.com\/v2\/wp-content\/uploads\/2021\/07\/senado_cachito_pleno.jpg","_links":{"self":[{"href":"https:\/\/agendaparaguay.com\/v2\/wp-json\/wp\/v2\/posts\/49968"}],"collection":[{"href":"https:\/\/agendaparaguay.com\/v2\/wp-json\/wp\/v2\/posts"}],"about":[{"href":"https:\/\/agendaparaguay.com\/v2\/wp-json\/wp\/v2\/types\/post"}],"author":[{"embeddable":true,"href":"https:\/\/agendaparaguay.com\/v2\/wp-json\/wp\/v2\/users\/1"}],"replies":[{"embeddable":true,"href":"https:\/\/agendaparaguay.com\/v2\/wp-json\/wp\/v2\/comments?post=49968"}],"version-history":[{"count":1,"href":"https:\/\/agendaparaguay.com\/v2\/wp-json\/wp\/v2\/posts\/49968\/revisions"}],"predecessor-version":[{"id":49969,"href":"https:\/\/agendaparaguay.com\/v2\/wp-json\/wp\/v2\/posts\/49968\/revisions\/49969"}],"wp:featuredmedia":[{"embeddable":true,"href":"https:\/\/agendaparaguay.com\/v2\/wp-json\/wp\/v2\/media\/34909"}],"wp:attachment":[{"href":"https:\/\/agendaparaguay.com\/v2\/wp-json\/wp\/v2\/media?parent=49968"}],"wp:term":[{"taxonomy":"category","embeddable":true,"href":"https:\/\/agendaparaguay.com\/v2\/wp-json\/wp\/v2\/categories?post=49968"},{"taxonomy":"post_tag","embeddable":true,"href":"https:\/\/agendaparaguay.com\/v2\/wp-json\/wp\/v2\/tags?post=49968"}],"curies":[{"name":"wp","href":"https:\/\/api.w.org\/{rel}","templated":true}]}}