{"id":49978,"date":"2022-12-15T09:57:42","date_gmt":"2022-12-15T12:57:42","guid":{"rendered":"https:\/\/agendaparaguay.com\/v2\/?p=49978"},"modified":"2022-12-15T15:33:27","modified_gmt":"2022-12-15T18:33:27","slug":"emiliano-rolon-promete-actuar-con-independencia-y-anuncia-auditoria-a-gestion-de-quinonez","status":"publish","type":"post","link":"https:\/\/agendaparaguay.com\/v2\/2022\/12\/15\/emiliano-rolon-promete-actuar-con-independencia-y-anuncia-auditoria-a-gestion-de-quinonez\/","title":{"rendered":"Emiliano Rol\u00f3n promete actuar con independencia y anuncia auditoria a gesti\u00f3n de Qui\u00f1onez"},"content":{"rendered":"<p style=\"text-align: justify;\">De lograr su acuerdo constitucional del Senado para ocupar el cargo de Fiscal General del Estado, el Dr. Emiliano Rol\u00f3n Fern\u00e1ndez dijo que actuar\u00e1 con total independencia, ya que no forma parte de roscas ni responde a grupos pol\u00edticos.<!--more--><\/p>\n<p style=\"text-align: justify;\">\u00abNo tengo ning\u00fan pacto, no formo parte de ning\u00fan negocio, no tengo ninguna empresa\u00bb, expres\u00f3 ante la consulta sobre su supuesta vinculaci\u00f3n a hombres cercanos al expresidente Horacio Cartes o el apoyo que habr\u00eda recibido del vicepresidente Hugo Vel\u00e1zquez.<\/p>\n<p style=\"text-align: justify;\">Rol\u00f3n participa a estas horas de la reuni\u00f3n conjunta de las comisiones de Asuntos Constitucionales y de Legislaci\u00f3n de la c\u00e1mara de Senadores, que una vez eleve el dictamen ser\u00e1 analizado por el pleno el mensaje del Poder Ejecutivo sobre el acuerdo respectivo.<\/p>\n<p style=\"text-align: justify;\">Mencion\u00f3 su trayectoria profesional como magistrado, y sus a\u00f1os en la docencia en la Facultad de Derecho de la Universidad Nacional de Asunci\u00f3n y asegur\u00f3 que no est\u00e1 afiliado hoy d\u00eda a ning\u00fan partido pol\u00edtico.<\/p>\n<p style=\"text-align: justify;\">En cuanto a la gesti\u00f3n de la actual fiscal\u00eda y los llamativos \u00abretrasos\u00bb de algunos casos, asegur\u00f3 que ordenar\u00e1 una auditor\u00eda de gesti\u00f3n de la actual administraci\u00f3n del Ministerio P\u00fablico.<\/p>\n","protected":false},"excerpt":{"rendered":"<p>De lograr su acuerdo constitucional del Senado para ocupar el cargo de Fiscal General del Estado, el Dr. Emiliano Rol\u00f3n Fern\u00e1ndez dijo que actuar\u00e1 con total independencia, ya que no&hellip; <\/p>\n","protected":false},"author":1,"featured_media":49979,"comment_status":"closed","ping_status":"open","sticky":false,"template":"","format":"standard","meta":{"sfsi_plus_gutenberg_text_before_share":"","sfsi_plus_gutenberg_show_text_before_share":"","sfsi_plus_gutenberg_icon_type":"","sfsi_plus_gutenberg_icon_alignemt":"","sfsi_plus_gutenburg_max_per_row":"","footnotes":"","_jetpack_memberships_contains_paid_content":false,"jetpack_publicize_message":"","jetpack_publicize_feature_enabled":true,"jetpack_social_post_already_shared":true,"jetpack_social_options":{"image_generator_settings":{"template":"highway","enabled":false},"version":2}},"categories":[3],"tags":[],"jetpack_publicize_connections":[],"jetpack_sharing_enabled":true,"jetpack_featured_media_url":"https:\/\/agendaparaguay.com\/v2\/wp-content\/uploads\/2022\/12\/emiliano_rolon_senado.jpg","_links":{"self":[{"href":"https:\/\/agendaparaguay.com\/v2\/wp-json\/wp\/v2\/posts\/49978"}],"collection":[{"href":"https:\/\/agendaparaguay.com\/v2\/wp-json\/wp\/v2\/posts"}],"about":[{"href":"https:\/\/agendaparaguay.com\/v2\/wp-json\/wp\/v2\/types\/post"}],"author":[{"embeddable":true,"href":"https:\/\/agendaparaguay.com\/v2\/wp-json\/wp\/v2\/users\/1"}],"replies":[{"embeddable":true,"href":"https:\/\/agendaparaguay.com\/v2\/wp-json\/wp\/v2\/comments?post=49978"}],"version-history":[{"count":1,"href":"https:\/\/agendaparaguay.com\/v2\/wp-json\/wp\/v2\/posts\/49978\/revisions"}],"predecessor-version":[{"id":49980,"href":"https:\/\/agendaparaguay.com\/v2\/wp-json\/wp\/v2\/posts\/49978\/revisions\/49980"}],"wp:featuredmedia":[{"embeddable":true,"href":"https:\/\/agendaparaguay.com\/v2\/wp-json\/wp\/v2\/media\/49979"}],"wp:attachment":[{"href":"https:\/\/agendaparaguay.com\/v2\/wp-json\/wp\/v2\/media?parent=49978"}],"wp:term":[{"taxonomy":"category","embeddable":true,"href":"https:\/\/agendaparaguay.com\/v2\/wp-json\/wp\/v2\/categories?post=49978"},{"taxonomy":"post_tag","embeddable":true,"href":"https:\/\/agendaparaguay.com\/v2\/wp-json\/wp\/v2\/tags?post=49978"}],"curies":[{"name":"wp","href":"https:\/\/api.w.org\/{rel}","templated":true}]}}