{"id":50061,"date":"2022-12-18T22:11:55","date_gmt":"2022-12-19T01:11:55","guid":{"rendered":"https:\/\/agendaparaguay.com\/v2\/?p=50061"},"modified":"2022-12-18T22:18:06","modified_gmt":"2022-12-19T01:18:06","slug":"efrain-alegre-nuevamente-representara-a-la-oposicion-en-las-proximas-elecciones","status":"publish","type":"post","link":"https:\/\/agendaparaguay.com\/v2\/2022\/12\/18\/efrain-alegre-nuevamente-representara-a-la-oposicion-en-las-proximas-elecciones\/","title":{"rendered":"Efra\u00edn Alegre nuevamente representar\u00e1 a la oposici\u00f3n en las pr\u00f3ximas elecciones"},"content":{"rendered":"<p>La dupla presidencial conformada por Efra\u00edn Alegre y Soledad N\u00fa\u00f1ez representar\u00e1 a la oposici\u00f3n en las pr\u00f3ximas elecciones nacionales del 30 de abril del 2023 Enfrentar\u00e1 a la dupla Santiago Pe\u00f1a y Pedro Alliana por la presidencia de la rep\u00fablica.<!--more--><\/p>\n<p>Alegre buscar\u00e1 por tercera elecci\u00f3n nacional consecutiva para llegar a la presidencia de la Rep\u00fablica.<\/p>\n<p>Otros candidatos a la Presidencia de la Rep\u00fablica, que pugnan por fuera de estas dos agrupaciones pol\u00edticas, tambi\u00e9n formalizaron sus candidaturas este domingo, aunque sin disputar elecciones internas.<\/p>\n<p>En las elecciones de este domingo tambi\u00e9n se definieron los candidatos oficiales dentro de las listas partidarias para pugnar bancas dentro las dos c\u00e1maras del Congreso Nacional, as\u00ed como para gobernadores de los 17 departamentos del pa\u00eds.<\/p>\n<p>Seg\u00fan los datos de la Justicia Electoral, las elecciones internas tuvieron una participaci\u00f3n del 45% dentro del Partido Colorado, mientras que en la Concertaci\u00f3n Nacional la participaci\u00f3n fue del 12,22%<\/p>\n","protected":false},"excerpt":{"rendered":"<p>La dupla presidencial conformada por Efra\u00edn Alegre y Soledad N\u00fa\u00f1ez representar\u00e1 a la oposici\u00f3n en las pr\u00f3ximas elecciones nacionales del 30 de abril del 2023 Enfrentar\u00e1 a la dupla Santiago&hellip; <\/p>\n","protected":false},"author":1,"featured_media":46639,"comment_status":"closed","ping_status":"open","sticky":false,"template":"","format":"standard","meta":{"sfsi_plus_gutenberg_text_before_share":"","sfsi_plus_gutenberg_show_text_before_share":"","sfsi_plus_gutenberg_icon_type":"","sfsi_plus_gutenberg_icon_alignemt":"","sfsi_plus_gutenburg_max_per_row":"","footnotes":"","_jetpack_memberships_contains_paid_content":false,"jetpack_publicize_message":"","jetpack_publicize_feature_enabled":true,"jetpack_social_post_already_shared":true,"jetpack_social_options":{"image_generator_settings":{"template":"highway","enabled":false},"version":2}},"categories":[2],"tags":[],"jetpack_publicize_connections":[],"jetpack_sharing_enabled":true,"jetpack_featured_media_url":"https:\/\/agendaparaguay.com\/v2\/wp-content\/uploads\/2022\/08\/efrain_sole.jpg","_links":{"self":[{"href":"https:\/\/agendaparaguay.com\/v2\/wp-json\/wp\/v2\/posts\/50061"}],"collection":[{"href":"https:\/\/agendaparaguay.com\/v2\/wp-json\/wp\/v2\/posts"}],"about":[{"href":"https:\/\/agendaparaguay.com\/v2\/wp-json\/wp\/v2\/types\/post"}],"author":[{"embeddable":true,"href":"https:\/\/agendaparaguay.com\/v2\/wp-json\/wp\/v2\/users\/1"}],"replies":[{"embeddable":true,"href":"https:\/\/agendaparaguay.com\/v2\/wp-json\/wp\/v2\/comments?post=50061"}],"version-history":[{"count":2,"href":"https:\/\/agendaparaguay.com\/v2\/wp-json\/wp\/v2\/posts\/50061\/revisions"}],"predecessor-version":[{"id":50064,"href":"https:\/\/agendaparaguay.com\/v2\/wp-json\/wp\/v2\/posts\/50061\/revisions\/50064"}],"wp:featuredmedia":[{"embeddable":true,"href":"https:\/\/agendaparaguay.com\/v2\/wp-json\/wp\/v2\/media\/46639"}],"wp:attachment":[{"href":"https:\/\/agendaparaguay.com\/v2\/wp-json\/wp\/v2\/media?parent=50061"}],"wp:term":[{"taxonomy":"category","embeddable":true,"href":"https:\/\/agendaparaguay.com\/v2\/wp-json\/wp\/v2\/categories?post=50061"},{"taxonomy":"post_tag","embeddable":true,"href":"https:\/\/agendaparaguay.com\/v2\/wp-json\/wp\/v2\/tags?post=50061"}],"curies":[{"name":"wp","href":"https:\/\/api.w.org\/{rel}","templated":true}]}}