{"id":50366,"date":"2022-12-30T16:29:44","date_gmt":"2022-12-30T19:29:44","guid":{"rendered":"https:\/\/agendaparaguay.com\/v2\/?p=50366"},"modified":"2022-12-30T16:29:44","modified_gmt":"2022-12-30T19:29:44","slug":"samaniego-impulsa-segunda-demanda-por-difamacion-y-habla-del-intento-de-escrache-en-su-boda","status":"publish","type":"post","link":"https:\/\/agendaparaguay.com\/v2\/2022\/12\/30\/samaniego-impulsa-segunda-demanda-por-difamacion-y-habla-del-intento-de-escrache-en-su-boda\/","title":{"rendered":"Samaniego impulsa segunda demanda por difamaci\u00f3n y habla del intento de escrache en su boda"},"content":{"rendered":"<p style=\"text-align: justify\"><!--more-->La Senadora Lilian Samaniego, sali\u00f3 al paso de aseveraciones del grupo de medios HC que la califican de ser la \u201cdue\u00f1a\u201d del IPS y de tener fuerte influencia pol\u00edtica en la previsional. Record\u00f3 que est\u00e1 en tribunales con el Dr. Edilberto Rivarola y hoy firm\u00f3 otra demanda contra el Dr. Pedro Halley, ex gerente del IPS.<\/p>\n<p style=\"text-align: justify\">\u201cEl IPS tiene su administraci\u00f3n con su Presidente y su consejo, tanto me atacan por IPS, tengo gente de todos los partidos pol\u00edticos, funcionario y funcionarias con antig\u00fcedad que me quieren, que vi crecer a sus hijos que me llaman t\u00eda, fui Pdta. de la Aso de m\u00e9dicos reelecta\u201d expres\u00f3 Samaniego.<\/p>\n<p style=\"text-align: justify\">\u201cFui impulsora del primer contrato colectivo del IPS y nunca m\u00e1s se hizo y ese afecto no van a cambiar ni aunque me hagan de nuevo ese ataque que me hicieron, inmisericorde, en ese programa El Repasador durante 4 a\u00f1os y medio me sacaron y en todos los espacios del grupo Cartes\u201d se\u00f1al\u00f3 Lilian S.<\/p>\n<p style=\"text-align: justify\">\u201cLe demande al Dr. Rivarola y nunca m\u00e1s abri\u00f3 su boca, \u00e9l dijo que Lilian es la due\u00f1a del IPS, Uds. la gente de HC le daban micr\u00f3fono, entonces ahora recuerdo que me case el 9 de mayo y el 10 de mayo fue mi audiencia con \u00e9l, imag\u00ednense\u201d manifest\u00f3 Samaniego.<\/p>\n<p style=\"text-align: justify\">Record\u00f3 su casamiento. \u201cLos que me hicieron manifestaci\u00f3n fueron 6 personas con Payo Cubas, me hicieron un escrache gua\u00b4u, todos pagados, todos direccionados, Rivarola me dijo Felicidades por su casamiento y le dije: no quiero hablar contigo y le dije que si ped\u00eda disculpas p\u00fablicamente termina todo y no hicimos ning\u00fan arreglo, tres veces ya me fui convocada por la jueza, \u00e9l una cosa dice afuera y otra cosa en privado\u201d dio a conocer Samaniego.<\/p>\n<p style=\"text-align: justify\">\u201cHoy tengo otro demandado, vamos a encontrarnos en el juicio oral Dr. Pedro Halley, \u00e9l es liberal, le visit\u00f3 cuando Efra\u00edn Alegre estaba preso, hoy firm\u00e9 la demanda contra \u00e9l, otro utilizado en esta campa\u00f1a, es candidato a diputado por un movimiento y esta con Gubetich, entonces Pedro Halley vamos a encontrarnos en la justicia, y hago esto porque quiero que vean que todo es pol\u00edtico nomas\u201d se\u00f1al\u00f3 Samaniego.<\/p>\n<p style=\"text-align: justify\">\u201cSoy due\u00f1a de lo que puedo hacer y decir, cada instituci\u00f3n tiene su presidente o ministro, la influencia que yo tengo en IPS y que nadie va poder sacar es el afecto, varias generaciones de funcionarios que me quieren, sus hijos hoy profesionales me acompa\u00f1an\u201d<\/p>\n<p style=\"text-align: justify\">La Senadora Lilian S. dijo que no tuvo nada que ver con la elecci\u00f3n del Pdte. Mario Abdo cuando este design\u00f3 a Vicente Bataglia como titular de IPS. \u201cA m\u00ed hasta me gusta que yo gua\u00b4u demasiado poder tengo en IPS, no es as\u00ed, preg\u00fantenle al Pdte. si recibi\u00f3 alguna llamada m\u00eda para que elegirle a Bataglia\u201d y aclar\u00f3 que su relaci\u00f3n con Bataglia es por su amistad con el padre del mismo nombre desde hace muchos a\u00f1os.<\/p>\n<p style=\"text-align: justify\">Sobre los \u00faltimos dichos del Contralor General de la Rep\u00fablica, Camilo Benitez, quien aseguro que IPS es un antro de corrupci\u00f3n con protecci\u00f3n pol\u00edtica, Lilian Samaniego respondi\u00f3; \u201cY est\u00e1 el representante de la Contralor\u00eda en el Consejo del IPS, que le pregunte a \u00e9l, cada a\u00f1o aprueba como miembro del consejo, todas las decisiones\u201d finaliz\u00f3.<\/p>\n","protected":false},"excerpt":{"rendered":"","protected":false},"author":3,"featured_media":45856,"comment_status":"closed","ping_status":"open","sticky":false,"template":"","format":"standard","meta":{"sfsi_plus_gutenberg_text_before_share":"","sfsi_plus_gutenberg_show_text_before_share":"","sfsi_plus_gutenberg_icon_type":"","sfsi_plus_gutenberg_icon_alignemt":"","sfsi_plus_gutenburg_max_per_row":"","footnotes":"","_jetpack_memberships_contains_paid_content":false,"jetpack_publicize_message":"","jetpack_publicize_feature_enabled":true,"jetpack_social_post_already_shared":true,"jetpack_social_options":{"image_generator_settings":{"template":"highway","enabled":false},"version":2}},"categories":[3],"tags":[291,292,293,290,228,288,289,278,229],"jetpack_publicize_connections":[],"jetpack_sharing_enabled":true,"jetpack_featured_media_url":"https:\/\/agendaparaguay.com\/v2\/wp-content\/uploads\/2022\/07\/lilian_samaniego_julio.jpg","_links":{"self":[{"href":"https:\/\/agendaparaguay.com\/v2\/wp-json\/wp\/v2\/posts\/50366"}],"collection":[{"href":"https:\/\/agendaparaguay.com\/v2\/wp-json\/wp\/v2\/posts"}],"about":[{"href":"https:\/\/agendaparaguay.com\/v2\/wp-json\/wp\/v2\/types\/post"}],"author":[{"embeddable":true,"href":"https:\/\/agendaparaguay.com\/v2\/wp-json\/wp\/v2\/users\/3"}],"replies":[{"embeddable":true,"href":"https:\/\/agendaparaguay.com\/v2\/wp-json\/wp\/v2\/comments?post=50366"}],"version-history":[{"count":1,"href":"https:\/\/agendaparaguay.com\/v2\/wp-json\/wp\/v2\/posts\/50366\/revisions"}],"predecessor-version":[{"id":50367,"href":"https:\/\/agendaparaguay.com\/v2\/wp-json\/wp\/v2\/posts\/50366\/revisions\/50367"}],"wp:featuredmedia":[{"embeddable":true,"href":"https:\/\/agendaparaguay.com\/v2\/wp-json\/wp\/v2\/media\/45856"}],"wp:attachment":[{"href":"https:\/\/agendaparaguay.com\/v2\/wp-json\/wp\/v2\/media?parent=50366"}],"wp:term":[{"taxonomy":"category","embeddable":true,"href":"https:\/\/agendaparaguay.com\/v2\/wp-json\/wp\/v2\/categories?post=50366"},{"taxonomy":"post_tag","embeddable":true,"href":"https:\/\/agendaparaguay.com\/v2\/wp-json\/wp\/v2\/tags?post=50366"}],"curies":[{"name":"wp","href":"https:\/\/api.w.org\/{rel}","templated":true}]}}