{"id":50400,"date":"2023-01-02T15:06:53","date_gmt":"2023-01-02T18:06:53","guid":{"rendered":"https:\/\/agendaparaguay.com\/v2\/?p=50400"},"modified":"2023-01-02T15:06:53","modified_gmt":"2023-01-02T18:06:53","slug":"tsje-acredita-a-veedores-para-elecciones-en-guaira-este-15-de-enero","status":"publish","type":"post","link":"https:\/\/agendaparaguay.com\/v2\/2023\/01\/02\/tsje-acredita-a-veedores-para-elecciones-en-guaira-este-15-de-enero\/","title":{"rendered":"TSJE acredita a veedores para elecciones en Guair\u00e1 este 15 de enero"},"content":{"rendered":"<p><!--more--><\/p>\n<p style=\"text-align: justify\">A partir de este lunes 2 de enero el Juzgado Electoral de Guair\u00e1, con sede en la ciudad de Villarrica, comenz\u00f3 la acreditaci\u00f3n de veedores para las mesas de votaci\u00f3n. Este procedimiento esta dispuesto en la Resoluci\u00f3n del TSJE N\u00b0 284\/ 2022 que establece el Cronograma Electoral para la elecci\u00f3n a gobernador del referido departamento del pa\u00eds prevista para el pr\u00f3ximo domingo 15 de enero.<\/p>\n<p style=\"text-align: justify\">El plazo para la acreditaci\u00f3n de veedores se extiende hasta el 5 de enero. En cuanto a la organizaci\u00f3n de la jornada c\u00edvica, en la sede central de la Justicia Electoral en la Coordinaci\u00f3n Departamental de Guair\u00e1, los funcionarios iniciaron las tarea de preparaci\u00f3n de los maletines que contienen los \u00fatiles y documentos electorales a ser utilizados el d\u00eda de las elecciones, trabajo que se coordina con las Direcciones de Recursos Electorales y Log\u00edstica Electoral .<\/p>\n<p style=\"text-align: justify\">La siguiente tarea a desplegar, conforme lo dispone el Cronograma Electoral, ser\u00e1 la notificaci\u00f3n a los Miembros de las Mesas Receptoras de Votos, proceso a cargo del Juzgado Electoral competente. De \u00e9sta manera la Justicia Electoral da cumplimiento acabado a lo establecido en el calendario electoral con miras a los comicios para la elecci\u00f3n de jefe departamental. Fuente TSJE.<\/p>\n<p>Luego de la destituci\u00f3n del Gobernador Juan Carlos Vera el TSJE convoc\u00f3 a nuevas elecciones que ser\u00e1n este domingo 15 de enero.<\/p>\n","protected":false},"excerpt":{"rendered":"","protected":false},"author":3,"featured_media":43311,"comment_status":"closed","ping_status":"open","sticky":false,"template":"","format":"standard","meta":{"sfsi_plus_gutenberg_text_before_share":"","sfsi_plus_gutenberg_show_text_before_share":"","sfsi_plus_gutenberg_icon_type":"","sfsi_plus_gutenberg_icon_alignemt":"","sfsi_plus_gutenburg_max_per_row":"","footnotes":"","_jetpack_memberships_contains_paid_content":false,"jetpack_publicize_message":"","jetpack_publicize_feature_enabled":true,"jetpack_social_post_already_shared":true,"jetpack_social_options":{"image_generator_settings":{"template":"highway","enabled":false},"version":2}},"categories":[2],"tags":[163,315,314],"jetpack_publicize_connections":[],"jetpack_sharing_enabled":true,"jetpack_featured_media_url":"https:\/\/agendaparaguay.com\/v2\/wp-content\/uploads\/2022\/04\/gobernacion_guaira.jpg","_links":{"self":[{"href":"https:\/\/agendaparaguay.com\/v2\/wp-json\/wp\/v2\/posts\/50400"}],"collection":[{"href":"https:\/\/agendaparaguay.com\/v2\/wp-json\/wp\/v2\/posts"}],"about":[{"href":"https:\/\/agendaparaguay.com\/v2\/wp-json\/wp\/v2\/types\/post"}],"author":[{"embeddable":true,"href":"https:\/\/agendaparaguay.com\/v2\/wp-json\/wp\/v2\/users\/3"}],"replies":[{"embeddable":true,"href":"https:\/\/agendaparaguay.com\/v2\/wp-json\/wp\/v2\/comments?post=50400"}],"version-history":[{"count":1,"href":"https:\/\/agendaparaguay.com\/v2\/wp-json\/wp\/v2\/posts\/50400\/revisions"}],"predecessor-version":[{"id":50401,"href":"https:\/\/agendaparaguay.com\/v2\/wp-json\/wp\/v2\/posts\/50400\/revisions\/50401"}],"wp:featuredmedia":[{"embeddable":true,"href":"https:\/\/agendaparaguay.com\/v2\/wp-json\/wp\/v2\/media\/43311"}],"wp:attachment":[{"href":"https:\/\/agendaparaguay.com\/v2\/wp-json\/wp\/v2\/media?parent=50400"}],"wp:term":[{"taxonomy":"category","embeddable":true,"href":"https:\/\/agendaparaguay.com\/v2\/wp-json\/wp\/v2\/categories?post=50400"},{"taxonomy":"post_tag","embeddable":true,"href":"https:\/\/agendaparaguay.com\/v2\/wp-json\/wp\/v2\/tags?post=50400"}],"curies":[{"name":"wp","href":"https:\/\/api.w.org\/{rel}","templated":true}]}}