{"id":50517,"date":"2023-01-06T11:16:05","date_gmt":"2023-01-06T14:16:05","guid":{"rendered":"https:\/\/agendaparaguay.com\/v2\/?p=50517"},"modified":"2023-01-06T11:16:05","modified_gmt":"2023-01-06T14:16:05","slug":"deteienen-en-brasil-a-buscado-por-asesinato-de-menor-de-15-anos-en-motel-de-cde","status":"publish","type":"post","link":"https:\/\/agendaparaguay.com\/v2\/2023\/01\/06\/deteienen-en-brasil-a-buscado-por-asesinato-de-menor-de-15-anos-en-motel-de-cde\/","title":{"rendered":"Deteienen en Brasil a buscado por asesinato de menor de 15 a\u00f1os en motel de CDE"},"content":{"rendered":"<p style=\"text-align: justify;\">Fue detenido en Brasil Leandro Alves Da Costa, buscado por Homicidio Doloso. Fiscal adelant\u00f3 que trabajar\u00e1 con la Fiscal\u00eda de Asuntos Internacionales para que igualmente sea procesado en el vecino ante la imposibilidad de extradici\u00f3n.<!--more--><\/p>\n<p style=\"text-align: justify;\">Dentro del marco del Acuerdo de Cooperaci\u00f3n, conforme al intercambio de informaciones con el N\u00facleo de Inteligencia de la Polic\u00eda Federal de Foz de Yguaz\u00fa &#8211; Brasil, se obtuvo datos sobre la detenci\u00f3n e identificaci\u00f3n del ciudadano Leandro Alves Da Costa (33 a\u00f1os), quien cuenta con orden de captura internacional. La detenci\u00f3n ocurri\u00f3 el 31 de diciembre pasado. La fiscal interviniente en la causa es Carolina Gadea.<\/p>\n<p style=\"text-align: justify;\">El mismo es investigado por la presunta comisi\u00f3n del hecho punible de Homicidio Doloso, hecho ocurrido el pasado 3 de noviembre del 2022 en un motel de nombre Cataratas, ubicado en el Km. 8 de Ciudad del Este.<\/p>\n<p style=\"text-align: justify;\">Alves Da Costa fue detenido en el Municipio de Irat\u00ed, Estado de Paran\u00e1, en un puesto de control de la Polic\u00eda Rodoviaria Federal. El mismo contaba con un documento falso a nombre de Marcos Andrade y fue trasladado a la sede de la Polic\u00eda Federal de Ponta Grossa.<\/p>\n<p style=\"text-align: justify;\">Su aprehensi\u00f3n se logr\u00f3 mediante el intercambio de informaciones entre el n\u00facleo de inteligencia de la Polic\u00eda Federal del vecino pa\u00eds y el Comando Tripartito. Alves Da Costa cuenta con antecedentes en el territorio brasile\u00f1o por dos hechos similares.<\/p>\n<p style=\"text-align: justify;\">La Agente Fiscal encargada de la investigaci\u00f3n adelant\u00f3 que el Brasil no permite la extradici\u00f3n de sus connacionales, por lo que adelant\u00f3 que trabajar\u00e1 con la Fiscal\u00eda de Asuntos Internacionales para que pueda ser procesado en el vecino pa\u00eds mediante la cooperaci\u00f3n jur\u00eddica internacional, y que ya se cuenta con experiencias y condenas anteriores en procesos similares.<\/p>\n","protected":false},"excerpt":{"rendered":"<p>Fue detenido en Brasil Leandro Alves Da Costa, buscado por Homicidio Doloso. Fiscal adelant\u00f3 que trabajar\u00e1 con la Fiscal\u00eda de Asuntos Internacionales para que igualmente sea procesado en el vecino&hellip; <\/p>\n","protected":false},"author":1,"featured_media":50518,"comment_status":"closed","ping_status":"open","sticky":false,"template":"","format":"standard","meta":{"sfsi_plus_gutenberg_text_before_share":"","sfsi_plus_gutenberg_show_text_before_share":"","sfsi_plus_gutenberg_icon_type":"","sfsi_plus_gutenberg_icon_alignemt":"","sfsi_plus_gutenburg_max_per_row":"","footnotes":"","_jetpack_memberships_contains_paid_content":false,"jetpack_publicize_message":"","jetpack_publicize_feature_enabled":true,"jetpack_social_post_already_shared":true,"jetpack_social_options":{"image_generator_settings":{"template":"highway","enabled":false},"version":2}},"categories":[5],"tags":[],"jetpack_publicize_connections":[],"jetpack_sharing_enabled":true,"jetpack_featured_media_url":"https:\/\/agendaparaguay.com\/v2\/wp-content\/uploads\/2023\/01\/buscado_por_crimen_menor.jpg","_links":{"self":[{"href":"https:\/\/agendaparaguay.com\/v2\/wp-json\/wp\/v2\/posts\/50517"}],"collection":[{"href":"https:\/\/agendaparaguay.com\/v2\/wp-json\/wp\/v2\/posts"}],"about":[{"href":"https:\/\/agendaparaguay.com\/v2\/wp-json\/wp\/v2\/types\/post"}],"author":[{"embeddable":true,"href":"https:\/\/agendaparaguay.com\/v2\/wp-json\/wp\/v2\/users\/1"}],"replies":[{"embeddable":true,"href":"https:\/\/agendaparaguay.com\/v2\/wp-json\/wp\/v2\/comments?post=50517"}],"version-history":[{"count":1,"href":"https:\/\/agendaparaguay.com\/v2\/wp-json\/wp\/v2\/posts\/50517\/revisions"}],"predecessor-version":[{"id":50519,"href":"https:\/\/agendaparaguay.com\/v2\/wp-json\/wp\/v2\/posts\/50517\/revisions\/50519"}],"wp:featuredmedia":[{"embeddable":true,"href":"https:\/\/agendaparaguay.com\/v2\/wp-json\/wp\/v2\/media\/50518"}],"wp:attachment":[{"href":"https:\/\/agendaparaguay.com\/v2\/wp-json\/wp\/v2\/media?parent=50517"}],"wp:term":[{"taxonomy":"category","embeddable":true,"href":"https:\/\/agendaparaguay.com\/v2\/wp-json\/wp\/v2\/categories?post=50517"},{"taxonomy":"post_tag","embeddable":true,"href":"https:\/\/agendaparaguay.com\/v2\/wp-json\/wp\/v2\/tags?post=50517"}],"curies":[{"name":"wp","href":"https:\/\/api.w.org\/{rel}","templated":true}]}}