{"id":51143,"date":"2023-01-28T16:28:33","date_gmt":"2023-01-28T19:28:33","guid":{"rendered":"https:\/\/agendaparaguay.com\/v2\/?p=51143"},"modified":"2023-01-28T16:28:33","modified_gmt":"2023-01-28T19:28:33","slug":"el-nuevo-arzobispo-de-caracas-denuncio-al-regimen-de-maduro-que-desaparezca-todo-abuso-y-tortura","status":"publish","type":"post","link":"https:\/\/agendaparaguay.com\/v2\/2023\/01\/28\/el-nuevo-arzobispo-de-caracas-denuncio-al-regimen-de-maduro-que-desaparezca-todo-abuso-y-tortura\/","title":{"rendered":"El nuevo arzobispo de Caracas denunci\u00f3 al r\u00e9gimen de Maduro: \u201cQue desaparezca todo abuso y tortura\u201d"},"content":{"rendered":"<p style=\"text-align: justify;\">Durante la homil\u00eda en la misa en la que asumi\u00f3 como nuevo arzobispo de Caracas, el cardenal Baltazar Porras reclam\u00f3 por el respeto a los derechos humanos y una Justicia imparcial en Venezuela.<!--more--><\/p>\n<p style=\"text-align: justify;\">\u201cSue\u00f1o con una iglesia caraque\u00f1a promotora y defensoras de la vida desde la concepci\u00f3n hasta su desenlace natural en una patria en la que los derechos humanos sean respetado y defendidos, en la que desaparezca todo abuso y tortura y la justicia sea realmente pronta e imparcial\u201d, afirm\u00f3 Porras en su duro discurso contra el r\u00e9gimen de Nicol\u00e1s Maduro.<\/p>\n<p style=\"text-align: justify;\">Adem\u00e1s, Porras asegur\u00f3 que desea ver al pueblo venezolano \u201ccaminando juntos\u201d: \u201cSue\u00f1o que seamos pueblo que camina juntos, compartiendo responsabilidades, sin privilegios hirientes que llevan a la divisi\u00f3n y al enfrentamiento\u201d.<\/p>\n<p style=\"text-align: justify;\">La Iglesia Cat\u00f3lica es una de las principales voces abiertamente opositoras al r\u00e9gimen desde hace a\u00f1os y que, sin temor a las represalias, denuncia reiteradamente las violaciones y los abusos de Maduro.<\/p>\n<p style=\"text-align: justify;\">D\u00edas atr\u00e1s, otro referente de la iglesia venezolana, el obispo venezolano V\u00edctor Hugo Basabe, se anim\u00f3 a denunciar a la dictadura chavista. Durante la homil\u00eda de la procesi\u00f3n de la Divina Pastora, la de mayor magnitud en Venezuela, el 14 de enero pasado, y ante 3 millones de personas, denunci\u00f3 la \u201cburbuja de la falsedad econ\u00f3mica\u201d y la \u201cprecaria\u201d situaci\u00f3n del pa\u00eds.<\/p>\n<p style=\"text-align: justify;\">\u201cQue cesen las burbujas de la falsedad econ\u00f3mica que pretenden ocultar al mundo la precaria situaci\u00f3n en la que est\u00e1n inmersos la mayor parte de nuestros hermanos venezolanos\u201d, pidi\u00f3 Basabe en la celebraci\u00f3n de la festividad mariana en la ciudad de Barquisimeto, en el estado de Lara, a la par que llam\u00f3 a los fieles \u201ca poner en el coraz\u00f3n de nuestra oraci\u00f3n a nuestra Venezuela herida, maltratada, traicionada y saqueada hasta m\u00e1s no poder\u201d.<\/p>\n<p style=\"text-align: justify;\">De hecho, la Conferencia Episcopal venezolana (CEV), tambi\u00e9n denunci\u00f3 que el pa\u00eds \u201ccontin\u00faa viviendo una crisis pol\u00edtica, social y econ\u00f3mica profunda\u201d.<\/p>\n<p style=\"text-align: justify;\">La CEV se refiri\u00f3 asimismo a la \u201cburbuja\u201d, la cual considera \u201cofensiva\u201d para los trabajadores del sector de la salud, la educaci\u00f3n, los obreros, los pensionados e, incluso, los informales, cuyos ingresos \u201cpaup\u00e9rrimos\u201d rondan entre los 10 y los 30 d\u00f3lares. Estos sectores han encabezado, en las \u00faltimas semanas, protestas en todo el pa\u00eds para conseguir mejores condiciones laborales y salariales dado que una familia necesita m\u00e1s de 50 veces el ingreso promedio s\u00f3lo para comer.<br \/>\nFuente: Infobae.com<\/p>\n","protected":false},"excerpt":{"rendered":"<p>Durante la homil\u00eda en la misa en la que asumi\u00f3 como nuevo arzobispo de Caracas, el cardenal Baltazar Porras reclam\u00f3 por el respeto a los derechos humanos y una Justicia&hellip; <\/p>\n","protected":false},"author":1,"featured_media":3865,"comment_status":"closed","ping_status":"open","sticky":false,"template":"","format":"standard","meta":{"sfsi_plus_gutenberg_text_before_share":"","sfsi_plus_gutenberg_show_text_before_share":"","sfsi_plus_gutenberg_icon_type":"","sfsi_plus_gutenberg_icon_alignemt":"","sfsi_plus_gutenburg_max_per_row":"","footnotes":"","_jetpack_memberships_contains_paid_content":false,"jetpack_publicize_message":"","jetpack_publicize_feature_enabled":true,"jetpack_social_post_already_shared":true,"jetpack_social_options":{"image_generator_settings":{"template":"highway","enabled":false},"version":2}},"categories":[6],"tags":[],"jetpack_publicize_connections":[],"jetpack_sharing_enabled":true,"jetpack_featured_media_url":"https:\/\/agendaparaguay.com\/v2\/wp-content\/uploads\/2019\/02\/venezuela_maduro_1.jpg","_links":{"self":[{"href":"https:\/\/agendaparaguay.com\/v2\/wp-json\/wp\/v2\/posts\/51143"}],"collection":[{"href":"https:\/\/agendaparaguay.com\/v2\/wp-json\/wp\/v2\/posts"}],"about":[{"href":"https:\/\/agendaparaguay.com\/v2\/wp-json\/wp\/v2\/types\/post"}],"author":[{"embeddable":true,"href":"https:\/\/agendaparaguay.com\/v2\/wp-json\/wp\/v2\/users\/1"}],"replies":[{"embeddable":true,"href":"https:\/\/agendaparaguay.com\/v2\/wp-json\/wp\/v2\/comments?post=51143"}],"version-history":[{"count":1,"href":"https:\/\/agendaparaguay.com\/v2\/wp-json\/wp\/v2\/posts\/51143\/revisions"}],"predecessor-version":[{"id":51144,"href":"https:\/\/agendaparaguay.com\/v2\/wp-json\/wp\/v2\/posts\/51143\/revisions\/51144"}],"wp:featuredmedia":[{"embeddable":true,"href":"https:\/\/agendaparaguay.com\/v2\/wp-json\/wp\/v2\/media\/3865"}],"wp:attachment":[{"href":"https:\/\/agendaparaguay.com\/v2\/wp-json\/wp\/v2\/media?parent=51143"}],"wp:term":[{"taxonomy":"category","embeddable":true,"href":"https:\/\/agendaparaguay.com\/v2\/wp-json\/wp\/v2\/categories?post=51143"},{"taxonomy":"post_tag","embeddable":true,"href":"https:\/\/agendaparaguay.com\/v2\/wp-json\/wp\/v2\/tags?post=51143"}],"curies":[{"name":"wp","href":"https:\/\/api.w.org\/{rel}","templated":true}]}}