{"id":51339,"date":"2023-02-03T16:45:16","date_gmt":"2023-02-03T19:45:16","guid":{"rendered":"https:\/\/agendaparaguay.com\/v2\/?p=51339"},"modified":"2023-02-04T10:04:38","modified_gmt":"2023-02-04T13:04:38","slug":"senad-captura-a-jefe-del-pcc-durante-allanamientos-en-canindeyu","status":"publish","type":"post","link":"https:\/\/agendaparaguay.com\/v2\/2023\/02\/03\/senad-captura-a-jefe-del-pcc-durante-allanamientos-en-canindeyu\/","title":{"rendered":"SENAD captura a jefe del PCC durante allanamientos en Canindey\u00fa"},"content":{"rendered":"<p style=\"text-align: justify;\">En el marco de la operaci\u00f3n denominada \u00abFrontera Segura\u00bb se realiz\u00f3 una serie de procedimientos en conjunto entre la Polic\u00eda Federal del Brasil y el Grupo de Investigaci\u00f3n Sensible (GISE) de la SENAD. Desde febrero de 2021, ya se llevaron a cabo tres operativos similares, que apuntan a desarticular esquemas criminales de tr\u00e1fico de drogas y armas que operan en zonas fronterizas de Paraguay y Brasil.<!--more--><\/p>\n<p style=\"text-align: justify;\">Este viernes, se llev\u00f3 a cabo la Operaci\u00f3n Frontera Segura 4, consistente en 4 allanamientos en diferentes puntos del Departamento de Canindey\u00fa. El objetivo principal de la investigaci\u00f3n fue capturado. Se trata de Orlandino C\u00e9sar Moreira, alias \u00abCara Gorda\u00bb o \u00abCezinha\u00bb, quien cuenta con 2 mandamientos de prisi\u00f3n vigente en diferentes estados de Brasil, por hechos de trasgresi\u00f3n a la Ley de Drogas, que suman m\u00e1s de 30 a\u00f1os de c\u00e1rcel.<\/p>\n<p style=\"text-align: justify;\">Orlandino ser\u00eda un miembro activo de la facci\u00f3n criminal Primer Comando Da Capital \u2013 PCC. El mismo lideraba la Sinton\u00eda Restrita en la Zona del Departamento de Canindey\u00fa. Su principal funci\u00f3n era la de coordinar y controlar las actividades il\u00edcitas en zona de Canindey\u00fa, entre ellas el abastecimiento de drogas y armas a las facciones criminales de la zona de Rio de Janeiro.<\/p>\n<p style=\"text-align: justify;\">Su historial delictivo incluye una fuga de una penitenciar\u00eda brasile\u00f1a, un intento de rescate de presos, entre otros delitos. En Paraguay, el extranjero ya fue detenido y expulsado del pa\u00eds anteriormente por su participaci\u00f3n en actividades de tr\u00e1fico de drogas y armas para el PCC.<\/p>\n<p style=\"text-align: justify;\">Los allanamientos, coordinados con los fiscales Andr\u00e9s Arriola y Alicia Sapriza se concretaron en la ciudad de Salto del Guair\u00e1. Los puntos intervenidos eran utilizados para el ocultamiento de armas, drogas y veh\u00edculos de la organizaci\u00f3n criminal.<\/p>\n","protected":false},"excerpt":{"rendered":"<p>En el marco de la operaci\u00f3n denominada \u00abFrontera Segura\u00bb se realiz\u00f3 una serie de procedimientos en conjunto entre la Polic\u00eda Federal del Brasil y el Grupo de Investigaci\u00f3n Sensible (GISE)&hellip; <\/p>\n","protected":false},"author":1,"featured_media":51340,"comment_status":"closed","ping_status":"open","sticky":false,"template":"","format":"standard","meta":{"sfsi_plus_gutenberg_text_before_share":"","sfsi_plus_gutenberg_show_text_before_share":"","sfsi_plus_gutenberg_icon_type":"","sfsi_plus_gutenberg_icon_alignemt":"","sfsi_plus_gutenburg_max_per_row":"","footnotes":"","_jetpack_memberships_contains_paid_content":false,"jetpack_publicize_message":"","jetpack_publicize_feature_enabled":true,"jetpack_social_post_already_shared":true,"jetpack_social_options":{"image_generator_settings":{"template":"highway","enabled":false},"version":2}},"categories":[5],"tags":[],"jetpack_publicize_connections":[],"jetpack_sharing_enabled":true,"jetpack_featured_media_url":"https:\/\/agendaparaguay.com\/v2\/wp-content\/uploads\/2023\/02\/lider_pcc_detenido.jpg","_links":{"self":[{"href":"https:\/\/agendaparaguay.com\/v2\/wp-json\/wp\/v2\/posts\/51339"}],"collection":[{"href":"https:\/\/agendaparaguay.com\/v2\/wp-json\/wp\/v2\/posts"}],"about":[{"href":"https:\/\/agendaparaguay.com\/v2\/wp-json\/wp\/v2\/types\/post"}],"author":[{"embeddable":true,"href":"https:\/\/agendaparaguay.com\/v2\/wp-json\/wp\/v2\/users\/1"}],"replies":[{"embeddable":true,"href":"https:\/\/agendaparaguay.com\/v2\/wp-json\/wp\/v2\/comments?post=51339"}],"version-history":[{"count":1,"href":"https:\/\/agendaparaguay.com\/v2\/wp-json\/wp\/v2\/posts\/51339\/revisions"}],"predecessor-version":[{"id":51341,"href":"https:\/\/agendaparaguay.com\/v2\/wp-json\/wp\/v2\/posts\/51339\/revisions\/51341"}],"wp:featuredmedia":[{"embeddable":true,"href":"https:\/\/agendaparaguay.com\/v2\/wp-json\/wp\/v2\/media\/51340"}],"wp:attachment":[{"href":"https:\/\/agendaparaguay.com\/v2\/wp-json\/wp\/v2\/media?parent=51339"}],"wp:term":[{"taxonomy":"category","embeddable":true,"href":"https:\/\/agendaparaguay.com\/v2\/wp-json\/wp\/v2\/categories?post=51339"},{"taxonomy":"post_tag","embeddable":true,"href":"https:\/\/agendaparaguay.com\/v2\/wp-json\/wp\/v2\/tags?post=51339"}],"curies":[{"name":"wp","href":"https:\/\/api.w.org\/{rel}","templated":true}]}}