{"id":51556,"date":"2023-02-10T12:40:46","date_gmt":"2023-02-10T15:40:46","guid":{"rendered":"https:\/\/agendaparaguay.com\/v2\/?p=51556"},"modified":"2023-02-10T13:51:25","modified_gmt":"2023-02-10T16:51:25","slug":"mas-de-20-000-personas-ya-se-aplicaron-las-vacunas-bivalentes-contra-el-covid-19","status":"publish","type":"post","link":"https:\/\/agendaparaguay.com\/v2\/2023\/02\/10\/mas-de-20-000-personas-ya-se-aplicaron-las-vacunas-bivalentes-contra-el-covid-19\/","title":{"rendered":"M\u00e1s de 20.000 personas ya se aplicaron las vacunas bivalentes contra el covid-19"},"content":{"rendered":"<p style=\"text-align: justify;\">El director del Programa Ampliado de Inmunizaciones (PAI), H\u00e9ctor Castro, inform\u00f3 que actualmente 20.000 personas ya se acercaron a los puestos vacunatorios a nivel pa\u00eds para aplicarse la vacuna anticovid-19 bivalente que protege de las variantes virus Sars-CoV2: la cepa original (Huwan) y la variante \u00f3micron.<!--more--><\/p>\n<p style=\"text-align: justify;\">\u00abEsta dosis anual tiene como principal objetivo el refuerzo, manteniendo esa protecci\u00f3n contra la variante ancestral y ampliando la protecci\u00f3n contra las variantes nuevas como \u00f3micron y estableciendo tambi\u00e9n una reacci\u00f3n cruzada de proyecci\u00f3n contra variantes futuras y tambi\u00e9n la de evaluar la extensi\u00f3n de la protecci\u00f3n anual contra las formas graves de covid-19, hospitalizaciones y obviamente evitar la muerte\u00bb, asegur\u00f3.<\/p>\n<p style=\"text-align: justify;\">El director del PAI resalt\u00f3 este viernes en la conferencia de prensa semanal que, hasta la fecha m\u00e1s de 20.000 personas ya recibieron la dosis anual contra el covid-19 con esta combinaci\u00f3n bivariante. Se cuenta en stock un total de100.200 dosis de las mencionadas vacunas.<\/p>\n<p style=\"text-align: justify;\">Castro dijo que las dosis de vacunas bivalentes contra el covid-19 siguen disponibles en los vacunatorios del pa\u00eds.<\/p>\n<p style=\"text-align: justify;\">En Asunci\u00f3n hay 13 vacunarios y 23 en el departamento Central, as\u00ed tambi\u00e9n est\u00e1 disponible en las Regiones Sanitarias de todos los departamentos a nivel pa\u00eds, inform\u00f3 Salud P\u00fablica.<\/p>\n<p style=\"text-align: justify;\">Adem\u00e1s, la cartera de Salud P\u00fablica instal\u00f3 puestos de vacunaci\u00f3n en los shoppings Mariscal L\u00f3pez y Del Sol de la Capital en el horario de 10:00 a 20:00 y en el Abasto Norte de Limpio de 08:00 a 15:00.<\/p>\n<p style=\"text-align: justify;\">A partir de este a\u00f1o el Ministerio de Salud aplicar\u00e1 estas vacunas de composici\u00f3n actualizada como refuerzo anual para la vacunaci\u00f3n, dejando de lado el esquema de dos dosis m\u00e1s vacunas de refuerzo.<\/p>\n<p style=\"text-align: justify;\">La vacunaci\u00f3n ya est\u00e1 disponible para todas las personas desde los 18 a\u00f1os en adelante. En el caso de las embarazadas, a partir de las 12 semanas de gestaci\u00f3n con indicaci\u00f3n m\u00e9dica.<\/p>\n<p style=\"text-align: justify;\">Si pasaron m\u00e1s de 6 meses desde la aplicaci\u00f3n de la \u00faltima dosis bajo el esquema completo o refuerzos de cualquiera de las plataformas, las personas podr\u00e1n recibir la dosis bivalente anual para estimular las defensas.<br \/>\nFuente: IP<\/p>\n","protected":false},"excerpt":{"rendered":"<p>El director del Programa Ampliado de Inmunizaciones (PAI), H\u00e9ctor Castro, inform\u00f3 que actualmente 20.000 personas ya se acercaron a los puestos vacunatorios a nivel pa\u00eds para aplicarse la vacuna anticovid-19&hellip; <\/p>\n","protected":false},"author":1,"featured_media":44015,"comment_status":"closed","ping_status":"open","sticky":false,"template":"","format":"standard","meta":{"sfsi_plus_gutenberg_text_before_share":"","sfsi_plus_gutenberg_show_text_before_share":"","sfsi_plus_gutenberg_icon_type":"","sfsi_plus_gutenberg_icon_alignemt":"","sfsi_plus_gutenburg_max_per_row":"","footnotes":"","_jetpack_memberships_contains_paid_content":false,"jetpack_publicize_message":"","jetpack_publicize_feature_enabled":true,"jetpack_social_post_already_shared":true,"jetpack_social_options":{"image_generator_settings":{"template":"highway","enabled":false},"version":2}},"categories":[5],"tags":[],"jetpack_publicize_connections":[],"jetpack_sharing_enabled":true,"jetpack_featured_media_url":"https:\/\/agendaparaguay.com\/v2\/wp-content\/uploads\/2022\/05\/vacunacion_influenza.jpg","_links":{"self":[{"href":"https:\/\/agendaparaguay.com\/v2\/wp-json\/wp\/v2\/posts\/51556"}],"collection":[{"href":"https:\/\/agendaparaguay.com\/v2\/wp-json\/wp\/v2\/posts"}],"about":[{"href":"https:\/\/agendaparaguay.com\/v2\/wp-json\/wp\/v2\/types\/post"}],"author":[{"embeddable":true,"href":"https:\/\/agendaparaguay.com\/v2\/wp-json\/wp\/v2\/users\/1"}],"replies":[{"embeddable":true,"href":"https:\/\/agendaparaguay.com\/v2\/wp-json\/wp\/v2\/comments?post=51556"}],"version-history":[{"count":1,"href":"https:\/\/agendaparaguay.com\/v2\/wp-json\/wp\/v2\/posts\/51556\/revisions"}],"predecessor-version":[{"id":51557,"href":"https:\/\/agendaparaguay.com\/v2\/wp-json\/wp\/v2\/posts\/51556\/revisions\/51557"}],"wp:featuredmedia":[{"embeddable":true,"href":"https:\/\/agendaparaguay.com\/v2\/wp-json\/wp\/v2\/media\/44015"}],"wp:attachment":[{"href":"https:\/\/agendaparaguay.com\/v2\/wp-json\/wp\/v2\/media?parent=51556"}],"wp:term":[{"taxonomy":"category","embeddable":true,"href":"https:\/\/agendaparaguay.com\/v2\/wp-json\/wp\/v2\/categories?post=51556"},{"taxonomy":"post_tag","embeddable":true,"href":"https:\/\/agendaparaguay.com\/v2\/wp-json\/wp\/v2\/tags?post=51556"}],"curies":[{"name":"wp","href":"https:\/\/api.w.org\/{rel}","templated":true}]}}