{"id":52294,"date":"2023-03-06T15:40:27","date_gmt":"2023-03-06T18:40:27","guid":{"rendered":"https:\/\/agendaparaguay.com\/v2\/?p=52294"},"modified":"2023-03-06T22:07:02","modified_gmt":"2023-03-07T01:07:02","slug":"delegacion-de-salud-y-directivos-del-incan-se-reunen-para-buscar-mejorar-atencion-a-pacientes","status":"publish","type":"post","link":"https:\/\/agendaparaguay.com\/v2\/2023\/03\/06\/delegacion-de-salud-y-directivos-del-incan-se-reunen-para-buscar-mejorar-atencion-a-pacientes\/","title":{"rendered":"Delegaci\u00f3n de Salud y directivos del Incan se re\u00fanen para buscar mejorar atenci\u00f3n a pacientes"},"content":{"rendered":"<p style=\"text-align: justify;\">Una delegaci\u00f3n del Ministerio de Salud P\u00fablica y Bienestar Social se hizo presente en el Instituto Nacional de C\u00e1ncer (Incan) este lunes, para constatar la situaci\u00f3n de este servicio especializado. \u201cQueremos mantener un trabajo coordinado, a fin de encontrar las soluciones de car\u00e1cter presupuestario y de previsibilidad, como lo es el tema de medicamentos\u00bb, detall\u00f3 el viceministro Hern\u00e1n Mart\u00ednez.<!--more--><\/p>\n<p style=\"text-align: justify;\">El objetivo principal fue conocer de manera pormenorizada la situaci\u00f3n y dar pasos espec\u00edficos hacia una atenci\u00f3n con mayor solvencia para los pacientes.<\/p>\n<p style=\"text-align: justify;\">En ese sentido, se inform\u00f3 que la campana de bioseguridad, equipamiento de alta importancia en el manejo de muestras, ya se encuentra en pleno funcionamiento, tras las labores de mantenimiento realizadas. A su vez, se espera la finalizaci\u00f3n de los mismos trabajos en otros dos equipos similares.<\/p>\n<p style=\"text-align: justify;\">En otro orden, se espera la finalizaci\u00f3n de la puesta a punto del tom\u00f3grafo. Sin embargo, estos estudios se realizan sin inconvenientes, debido a que los pacientes son derivados a otros centros hospitalarios privados, mediante convenios vigentes con la cartera sanitaria.<\/p>\n<p style=\"text-align: justify;\">La visita de la delegaci\u00f3n del Ministerio de Salud fue momento propicio para establecer una reuni\u00f3n con los directores del establecimiento, con el fin de establecer estrategias coordinadas para focalizar la resoluci\u00f3n de problemas inherentes al funcionamiento del instituto.<\/p>\n<p style=\"text-align: justify;\">Al respecto, el Dr. Hern\u00e1n Mart\u00ednez, viceministro de Atenci\u00f3n Integral a la Salud, expres\u00f3 que \u00abel objetivo es coordinar m\u00e9todos para evitar la explosi\u00f3n de un stock cero de medicamentos. Para eso, implementaremos un sistema inform\u00e1tico que avise a tiempo a los administradores qu\u00e9 medicamentos van a estar en falta, ya en un tiempo propicio para evitar desabastecimiento\u00bb.<\/p>\n<p style=\"text-align: justify;\">Asimismo, el viceministro aclar\u00f3 que, para lograr que la atenci\u00f3n se ajuste continuamente a las necesidades de los usuarios, se debe tener datos actualizados acerca de la cantidad de pacientes que reciben atenci\u00f3n en el INCAN, as\u00ed como las necesidades espec\u00edficas m\u00e1s urgentes para darle pronta atenci\u00f3n.<\/p>\n<p style=\"text-align: justify;\">\u00abEntendemos la dif\u00edcil situaci\u00f3n de los pacientes que reciben atenci\u00f3n en este establecimiento. Por ello, queremos mantener un trabajo coordinado, a fin de encontrar las soluciones de car\u00e1cter presupuestario y de previsibilidad, como lo es el tema de medicamentos\u00bb, agreg\u00f3 el Dr. Hern\u00e1n Mart\u00ednez.<\/p>\n<p style=\"text-align: justify;\">De la reuni\u00f3n de coordinaci\u00f3n participaron tambi\u00e9n la Dra. Leticia Pintos, directora general de Servicios y Redes de Salud; el director del Instituto Nacional del C\u00e1ncer (Incan), Dr. Nelson Mitsui, y el director M\u00e9dico, Dr. Marcelo Galli, as\u00ed como representantes de los pacientes oncol\u00f3gicos. Fuente: Ip<\/p>\n","protected":false},"excerpt":{"rendered":"<p>Una delegaci\u00f3n del Ministerio de Salud P\u00fablica y Bienestar Social se hizo presente en el Instituto Nacional de C\u00e1ncer (Incan) este lunes, para constatar la situaci\u00f3n de este servicio especializado.&hellip; <\/p>\n","protected":false},"author":1,"featured_media":50733,"comment_status":"closed","ping_status":"open","sticky":false,"template":"","format":"standard","meta":{"sfsi_plus_gutenberg_text_before_share":"","sfsi_plus_gutenberg_show_text_before_share":"","sfsi_plus_gutenberg_icon_type":"","sfsi_plus_gutenberg_icon_alignemt":"","sfsi_plus_gutenburg_max_per_row":"","footnotes":"","_jetpack_memberships_contains_paid_content":false,"jetpack_publicize_message":"","jetpack_publicize_feature_enabled":true,"jetpack_social_post_already_shared":true,"jetpack_social_options":{"image_generator_settings":{"template":"highway","enabled":false},"version":2}},"categories":[5],"tags":[],"jetpack_publicize_connections":[],"jetpack_sharing_enabled":true,"jetpack_featured_media_url":"https:\/\/agendaparaguay.com\/v2\/wp-content\/uploads\/2023\/01\/Incan.jpg","_links":{"self":[{"href":"https:\/\/agendaparaguay.com\/v2\/wp-json\/wp\/v2\/posts\/52294"}],"collection":[{"href":"https:\/\/agendaparaguay.com\/v2\/wp-json\/wp\/v2\/posts"}],"about":[{"href":"https:\/\/agendaparaguay.com\/v2\/wp-json\/wp\/v2\/types\/post"}],"author":[{"embeddable":true,"href":"https:\/\/agendaparaguay.com\/v2\/wp-json\/wp\/v2\/users\/1"}],"replies":[{"embeddable":true,"href":"https:\/\/agendaparaguay.com\/v2\/wp-json\/wp\/v2\/comments?post=52294"}],"version-history":[{"count":1,"href":"https:\/\/agendaparaguay.com\/v2\/wp-json\/wp\/v2\/posts\/52294\/revisions"}],"predecessor-version":[{"id":52295,"href":"https:\/\/agendaparaguay.com\/v2\/wp-json\/wp\/v2\/posts\/52294\/revisions\/52295"}],"wp:featuredmedia":[{"embeddable":true,"href":"https:\/\/agendaparaguay.com\/v2\/wp-json\/wp\/v2\/media\/50733"}],"wp:attachment":[{"href":"https:\/\/agendaparaguay.com\/v2\/wp-json\/wp\/v2\/media?parent=52294"}],"wp:term":[{"taxonomy":"category","embeddable":true,"href":"https:\/\/agendaparaguay.com\/v2\/wp-json\/wp\/v2\/categories?post=52294"},{"taxonomy":"post_tag","embeddable":true,"href":"https:\/\/agendaparaguay.com\/v2\/wp-json\/wp\/v2\/tags?post=52294"}],"curies":[{"name":"wp","href":"https:\/\/api.w.org\/{rel}","templated":true}]}}