{"id":52390,"date":"2023-03-08T20:19:23","date_gmt":"2023-03-08T23:19:23","guid":{"rendered":"https:\/\/agendaparaguay.com\/v2\/?p=52390"},"modified":"2023-03-09T07:56:45","modified_gmt":"2023-03-09T10:56:45","slug":"media-sancion-para-declarar-en-todo-el-pais-emergencia-por-adiccion-masiva-a-las-drogas","status":"publish","type":"post","link":"https:\/\/agendaparaguay.com\/v2\/2023\/03\/08\/media-sancion-para-declarar-en-todo-el-pais-emergencia-por-adiccion-masiva-a-las-drogas\/","title":{"rendered":"Media sanci\u00f3n para declarar en todo el pa\u00eds emergencia por adicci\u00f3n masiva a las drogas"},"content":{"rendered":"<p style=\"text-align: justify;\">La C\u00e1mara de Diputados dio media sanci\u00f3n hoy al proyecto de ley \u201cQue declara emergencia nacional en materia de adicciones, en todo el territorio de la Rep\u00fablica del Paraguay\u201d.<!--more--><\/p>\n<p style=\"text-align: justify;\">La iniciativa tiene por objeto articular acciones para el abordaje integral de las adicciones, teniendo como ejes su prevenci\u00f3n, tratamiento, rehabilitaci\u00f3n e integraci\u00f3n social.<\/p>\n<p>Apunta a todas aquellas personas usuarias de sustancias psicoactivas, afectadas por esta problem\u00e1tica.<\/p>\n<p>La declaraci\u00f3n de emergencia nacional y las acciones que de ella deriven, tendr\u00edan una vigencia de tres a\u00f1os, a partir de la eventual promulgaci\u00f3n de la norma.<\/p>\n<p style=\"text-align: justify;\">En su car\u00e1cter de titular de la Comisi\u00f3n de Lucha contra el Narcotr\u00e1fico, Il\u00edcitos Conexos y Graves, el diputado Tito Ibarrola (PPH-Central), se\u00f1al\u00f3 que la entrada en vigencia de esta herramienta legal es necesaria, considerando el avance incontenible del n\u00famero de personas que caen en las adicciones, y por sobre todo, por los efectos negativos que generan a quienes las consumen.<\/p>\n<p style=\"text-align: justify;\">Se\u00f1al\u00f3 que el documento, establece como \u00f3rganos de ejecuci\u00f3n al Ministerio de Salud P\u00fablica y Bienestar Social, a la Secretaria Nacional Antidrogas (SENAD); y al Ministerio de Educaci\u00f3n y Ciencias (MEC), para que elaboren, pongan en vigencia e implementen acciones destinadas a hacer frente a la emergencia en materia de adicciones.<\/p>\n<p style=\"text-align: justify;\">\u201cPara ello tambi\u00e9n se le instruye a todos los organismos o entidades p\u00fablicas, entes aut\u00f3nomos, aut\u00e1rquicos y a las entidades de la administraci\u00f3n p\u00fablica descentralizada, a colaborar con los \u00f3rganos de ejecuci\u00f3n\u201d, indic\u00f3.<\/p>\n<p style=\"text-align: justify;\">A iniciativa del legislador se introdujo en el art\u00edculo 9\u00ba, una modificaci\u00f3n para permitir el funcionamiento de un concejo con el fin de gestionar los recursos a ser destinados al fortalecimiento institucional del Centro Nacional de Control de Adicciones, del Ministerio de Salud P\u00fablica y Bienestar Social, as\u00ed como el funcionamiento de los proyectos a ser implementados en el marco del objeto de la presente ley.<\/p>\n<p style=\"text-align: justify;\">Para la parlamentaria Roc\u00edo Abed (ANR-Alto Paran\u00e1), titular de la Comisi\u00f3n de Equidad Social y G\u00e9nero, es menester la aprobaci\u00f3n de la iniciativa y mencion\u00f3 que, desde el ente asesor, se adhiere a todos los argumentos esbozados por el congresista Ibarrola.<\/p>\n<p style=\"text-align: justify;\">\u201cHay experiencias que sustentan este proyecto; lastimosamente, estamos al tanto como ha crecido, exponencialmente, la oferta y la demanda de drogas en el Paraguay\u201d, lament\u00f3.<\/p>\n<p style=\"text-align: justify;\">Tambi\u00e9n la presidente de la Comisi\u00f3n de Derechos Humanos, Esm\u00e9rita S\u00e1nchez (PLRA-Caaguaz\u00fa), apoy\u00f3 la aprobaci\u00f3n del documento. \u201cA diario se ven a j\u00f3venes, incluso, a familias enteras, hundirse en las adicciones; con esta propuesta legislativa se estar\u00e1 ayudando, sobremanera, para la disminuci\u00f3n de dicho flagelo\u201d, signific\u00f3.<\/p>\n<p style=\"text-align: justify;\">En base al dictamen de la Comisi\u00f3n de Lucha contra el Narcotr\u00e1fico, Il\u00edcitos Conexos y Graves, fue aprobado el proyecto y se dispuso su remisi\u00f3n a la C\u00e1mara de Senadores para su siguiente tr\u00e1mite constitucional. Fuente: Diputados<\/p>\n","protected":false},"excerpt":{"rendered":"<p>La C\u00e1mara de Diputados dio media sanci\u00f3n hoy al proyecto de ley \u201cQue declara emergencia nacional en materia de adicciones, en todo el territorio de la Rep\u00fablica del Paraguay\u201d.<\/p>\n","protected":false},"author":1,"featured_media":49430,"comment_status":"closed","ping_status":"open","sticky":false,"template":"","format":"standard","meta":{"sfsi_plus_gutenberg_text_before_share":"","sfsi_plus_gutenberg_show_text_before_share":"","sfsi_plus_gutenberg_icon_type":"","sfsi_plus_gutenberg_icon_alignemt":"","sfsi_plus_gutenburg_max_per_row":"","footnotes":"","_jetpack_memberships_contains_paid_content":false,"jetpack_publicize_message":"","jetpack_publicize_feature_enabled":true,"jetpack_social_post_already_shared":true,"jetpack_social_options":{"image_generator_settings":{"template":"highway","enabled":false},"version":2}},"categories":[4],"tags":[],"jetpack_publicize_connections":[],"jetpack_sharing_enabled":true,"jetpack_featured_media_url":"https:\/\/agendaparaguay.com\/v2\/wp-content\/uploads\/2022\/11\/pleno_diputados_noviemb.jpg","_links":{"self":[{"href":"https:\/\/agendaparaguay.com\/v2\/wp-json\/wp\/v2\/posts\/52390"}],"collection":[{"href":"https:\/\/agendaparaguay.com\/v2\/wp-json\/wp\/v2\/posts"}],"about":[{"href":"https:\/\/agendaparaguay.com\/v2\/wp-json\/wp\/v2\/types\/post"}],"author":[{"embeddable":true,"href":"https:\/\/agendaparaguay.com\/v2\/wp-json\/wp\/v2\/users\/1"}],"replies":[{"embeddable":true,"href":"https:\/\/agendaparaguay.com\/v2\/wp-json\/wp\/v2\/comments?post=52390"}],"version-history":[{"count":1,"href":"https:\/\/agendaparaguay.com\/v2\/wp-json\/wp\/v2\/posts\/52390\/revisions"}],"predecessor-version":[{"id":52391,"href":"https:\/\/agendaparaguay.com\/v2\/wp-json\/wp\/v2\/posts\/52390\/revisions\/52391"}],"wp:featuredmedia":[{"embeddable":true,"href":"https:\/\/agendaparaguay.com\/v2\/wp-json\/wp\/v2\/media\/49430"}],"wp:attachment":[{"href":"https:\/\/agendaparaguay.com\/v2\/wp-json\/wp\/v2\/media?parent=52390"}],"wp:term":[{"taxonomy":"category","embeddable":true,"href":"https:\/\/agendaparaguay.com\/v2\/wp-json\/wp\/v2\/categories?post=52390"},{"taxonomy":"post_tag","embeddable":true,"href":"https:\/\/agendaparaguay.com\/v2\/wp-json\/wp\/v2\/tags?post=52390"}],"curies":[{"name":"wp","href":"https:\/\/api.w.org\/{rel}","templated":true}]}}