{"id":52396,"date":"2023-03-09T07:28:46","date_gmt":"2023-03-09T10:28:46","guid":{"rendered":"https:\/\/agendaparaguay.com\/v2\/?p=52396"},"modified":"2023-03-09T07:28:46","modified_gmt":"2023-03-09T10:28:46","slug":"emiten-alerta-por-tormentas-para-cinco-departamentos-2","status":"publish","type":"post","link":"https:\/\/agendaparaguay.com\/v2\/2023\/03\/09\/emiten-alerta-por-tormentas-para-cinco-departamentos-2\/","title":{"rendered":"Emiten alerta por tormentas para cinco Departamentos"},"content":{"rendered":"<p style=\"text-align: justify;\">La direcci\u00f3n de meteorolog\u00eda anuncia lluvias con tormentas el\u00e9ctricas moderadas a fuertes, r\u00e1fagas de vientos moderadas a fuertes y la ocasional ca\u00edda de granizos, que afectar\u00e1 principalmente a cinco Departamentos del pa\u00eds.<!--more--><\/p>\n<p style=\"text-align: justify;\">El reporte indica que n\u00facleos de tormentas se desarrollan sobre la zona de cobertura con tendencia a intensificarse, y podr\u00edan generar fen\u00f3menos de tiempo severo en forma puntual en las \u00faltimas horas de la madrugada y primeras horas de la ma\u00f1ana de hoy jueves 09.<\/p>\n<p style=\"text-align: justify;\">La zona de cobertura es el centro y este de la regi\u00f3n Oriental, sur de la regi\u00f3n Occidental, mientras que Departamentos afectados son San Pedro, norte y este de Caaguaz\u00fa, norte de Alto Paran\u00e1, oeste de Canindey\u00fa, sur de Pte. Hayes.<\/p>\n","protected":false},"excerpt":{"rendered":"<p>La direcci\u00f3n de meteorolog\u00eda anuncia lluvias con tormentas el\u00e9ctricas moderadas a fuertes, r\u00e1fagas de vientos moderadas a fuertes y la ocasional ca\u00edda de granizos, que afectar\u00e1 principalmente a cinco Departamentos&hellip; <\/p>\n","protected":false},"author":1,"featured_media":12951,"comment_status":"closed","ping_status":"open","sticky":false,"template":"","format":"standard","meta":{"sfsi_plus_gutenberg_text_before_share":"","sfsi_plus_gutenberg_show_text_before_share":"","sfsi_plus_gutenberg_icon_type":"","sfsi_plus_gutenberg_icon_alignemt":"","sfsi_plus_gutenburg_max_per_row":"","footnotes":"","_jetpack_memberships_contains_paid_content":false,"jetpack_publicize_message":"","jetpack_publicize_feature_enabled":true,"jetpack_social_post_already_shared":true,"jetpack_social_options":{"image_generator_settings":{"template":"highway","enabled":false},"version":2}},"categories":[5],"tags":[],"jetpack_publicize_connections":[],"jetpack_sharing_enabled":true,"jetpack_featured_media_url":"https:\/\/agendaparaguay.com\/v2\/wp-content\/uploads\/2019\/09\/clima_tormentas_1.jpg","_links":{"self":[{"href":"https:\/\/agendaparaguay.com\/v2\/wp-json\/wp\/v2\/posts\/52396"}],"collection":[{"href":"https:\/\/agendaparaguay.com\/v2\/wp-json\/wp\/v2\/posts"}],"about":[{"href":"https:\/\/agendaparaguay.com\/v2\/wp-json\/wp\/v2\/types\/post"}],"author":[{"embeddable":true,"href":"https:\/\/agendaparaguay.com\/v2\/wp-json\/wp\/v2\/users\/1"}],"replies":[{"embeddable":true,"href":"https:\/\/agendaparaguay.com\/v2\/wp-json\/wp\/v2\/comments?post=52396"}],"version-history":[{"count":1,"href":"https:\/\/agendaparaguay.com\/v2\/wp-json\/wp\/v2\/posts\/52396\/revisions"}],"predecessor-version":[{"id":52397,"href":"https:\/\/agendaparaguay.com\/v2\/wp-json\/wp\/v2\/posts\/52396\/revisions\/52397"}],"wp:featuredmedia":[{"embeddable":true,"href":"https:\/\/agendaparaguay.com\/v2\/wp-json\/wp\/v2\/media\/12951"}],"wp:attachment":[{"href":"https:\/\/agendaparaguay.com\/v2\/wp-json\/wp\/v2\/media?parent=52396"}],"wp:term":[{"taxonomy":"category","embeddable":true,"href":"https:\/\/agendaparaguay.com\/v2\/wp-json\/wp\/v2\/categories?post=52396"},{"taxonomy":"post_tag","embeddable":true,"href":"https:\/\/agendaparaguay.com\/v2\/wp-json\/wp\/v2\/tags?post=52396"}],"curies":[{"name":"wp","href":"https:\/\/api.w.org\/{rel}","templated":true}]}}