{"id":52398,"date":"2023-03-09T08:50:54","date_gmt":"2023-03-09T11:50:54","guid":{"rendered":"https:\/\/agendaparaguay.com\/v2\/?p=52398"},"modified":"2023-03-09T10:31:04","modified_gmt":"2023-03-09T13:31:04","slug":"colyn-soroka-la-alternancia-se-va-a-dar-pero-dentro-del-partido-colorado","status":"publish","type":"post","link":"https:\/\/agendaparaguay.com\/v2\/2023\/03\/09\/colyn-soroka-la-alternancia-se-va-a-dar-pero-dentro-del-partido-colorado\/","title":{"rendered":"Colyn Soroka: \u201cLa alternancia se va a dar, pero dentro del Partido Colorado\u201d"},"content":{"rendered":"<p style=\"text-align: justify;\">\u201cYo creo que la alternancia se va a dar luego pero dentro del partido colorado. El partido m\u00e1s grande es el partido colorado y hoy hay una alternancia dentro, porque de un movimiento oficialista que no llega al \u00e9xito en las elecciones y gana la disidencia, entonces eso se llama tambi\u00e9n alternancia\u201d, destac\u00f3 el diputado colorado Colyn Soroka, al referirse a lo que pudiera suceder el 30 de abril pr\u00f3ximo y lo que fue el resultado electoral de las internas pasadas.<!--more--><\/p>\n<p style=\"text-align: justify;\">A criterio del parlamentario, no existe posibilidad alguna de que la ANR pierda el 30 de abirl, por lo que es alternancia se dar\u00e1 solo de un movimiento a otro, dentro del mismo partido, es decir, la Asociaci\u00f3n Nacional Republicana.<\/p>\n<p style=\"text-align: justify;\">\u201cAc\u00e1 se puede tener alternancia de pensamientos, m\u00e1s all\u00e1 de la posibilidad de que en el Paraguay de repente pueda estar otro partido u otro sistema en funci\u00f3n de gobierno yo no lo creo. Yo creo que Santiago Pe\u00f1a ser\u00e1 el pr\u00f3ximo presidente de la naci\u00f3n\u201d, destac\u00f3 Soroka, hoy candidato a Senador por el Partido Colorado.<\/p>\n<p style=\"text-align: justify;\">Agreg\u00f3 que, tras las internas partidarias, desde su movimiento Fuerza Republicana acompa\u00f1an al candidato que consideran como la mejor opci\u00f3n para el pa\u00eds, es decir, el candidato colorado Santiago Pe\u00f1a.<\/p>\n<p style=\"text-align: justify;\">El legislador se refiri\u00f3 por otro lado a la presencia del expresidenciable oficialista Arnoldo Wiens en los actos de la lista 1 y destac\u00f3 que \u201cWiens es un s\u00edmbolo de lucha, de trabajo y de compa\u00f1erismo\u201d dentro del partido.<\/p>\n","protected":false},"excerpt":{"rendered":"<p>\u201cYo creo que la alternancia se va a dar luego pero dentro del partido colorado. El partido m\u00e1s grande es el partido colorado y hoy hay una alternancia dentro, porque&hellip; <\/p>\n","protected":false},"author":1,"featured_media":48149,"comment_status":"closed","ping_status":"open","sticky":false,"template":"","format":"standard","meta":{"sfsi_plus_gutenberg_text_before_share":"","sfsi_plus_gutenberg_show_text_before_share":"","sfsi_plus_gutenberg_icon_type":"","sfsi_plus_gutenberg_icon_alignemt":"","sfsi_plus_gutenburg_max_per_row":"","footnotes":"","_jetpack_memberships_contains_paid_content":false,"jetpack_publicize_message":"","jetpack_publicize_feature_enabled":true,"jetpack_social_post_already_shared":true,"jetpack_social_options":{"image_generator_settings":{"template":"highway","enabled":false},"version":2}},"categories":[2],"tags":[],"jetpack_publicize_connections":[],"jetpack_sharing_enabled":true,"jetpack_featured_media_url":"https:\/\/agendaparaguay.com\/v2\/wp-content\/uploads\/2022\/10\/colyn_soroka_3.jpg","_links":{"self":[{"href":"https:\/\/agendaparaguay.com\/v2\/wp-json\/wp\/v2\/posts\/52398"}],"collection":[{"href":"https:\/\/agendaparaguay.com\/v2\/wp-json\/wp\/v2\/posts"}],"about":[{"href":"https:\/\/agendaparaguay.com\/v2\/wp-json\/wp\/v2\/types\/post"}],"author":[{"embeddable":true,"href":"https:\/\/agendaparaguay.com\/v2\/wp-json\/wp\/v2\/users\/1"}],"replies":[{"embeddable":true,"href":"https:\/\/agendaparaguay.com\/v2\/wp-json\/wp\/v2\/comments?post=52398"}],"version-history":[{"count":1,"href":"https:\/\/agendaparaguay.com\/v2\/wp-json\/wp\/v2\/posts\/52398\/revisions"}],"predecessor-version":[{"id":52399,"href":"https:\/\/agendaparaguay.com\/v2\/wp-json\/wp\/v2\/posts\/52398\/revisions\/52399"}],"wp:featuredmedia":[{"embeddable":true,"href":"https:\/\/agendaparaguay.com\/v2\/wp-json\/wp\/v2\/media\/48149"}],"wp:attachment":[{"href":"https:\/\/agendaparaguay.com\/v2\/wp-json\/wp\/v2\/media?parent=52398"}],"wp:term":[{"taxonomy":"category","embeddable":true,"href":"https:\/\/agendaparaguay.com\/v2\/wp-json\/wp\/v2\/categories?post=52398"},{"taxonomy":"post_tag","embeddable":true,"href":"https:\/\/agendaparaguay.com\/v2\/wp-json\/wp\/v2\/tags?post=52398"}],"curies":[{"name":"wp","href":"https:\/\/api.w.org\/{rel}","templated":true}]}}