{"id":52431,"date":"2023-03-09T22:06:26","date_gmt":"2023-03-10T01:06:26","guid":{"rendered":"https:\/\/agendaparaguay.com\/v2\/?p=52431"},"modified":"2023-03-10T07:19:46","modified_gmt":"2023-03-10T10:19:46","slug":"emiliano-rolon-confirma-los-primeros-cambios-en-la-fiscalia","status":"publish","type":"post","link":"https:\/\/agendaparaguay.com\/v2\/2023\/03\/09\/emiliano-rolon-confirma-los-primeros-cambios-en-la-fiscalia\/","title":{"rendered":"Emiliano Rol\u00f3n confirma los primeros cambios en la Fiscal\u00eda"},"content":{"rendered":"<p style=\"text-align: justify;\">Tras asumir el cargo de Fiscal General del Estado, el Dr. Emiliano Rol\u00f3n Fern\u00e1ndez realiz\u00f3 las primeras reasignaciones, tal como anunci\u00f3 antes de jurar como titular del Ministerio P\u00fablico.<!--more--><\/p>\n<p style=\"text-align: justify;\">Entre las primeras medidas, Rol\u00f3n asign\u00f3 al fiscal adjunto Marco Alcaraz como Fiscal responsable del \u00e1rea XV Paraguari, sin perjuicio de sus actuales funciones como Fiscal adjunto de Narcotr\u00e1fico.<\/p>\n<p style=\"text-align: justify;\">Reasignan adem\u00e1s, al fiscal adjunto, Abg. Jorge Arsenio Sosa Garcia para cumplir funciones como responsable del \u00c1rea X &#8211; Dpto. de Alto Paran\u00e1, para la supervisi\u00f3n de todas las unidades fiscales de esa \u00e1rea, conforme con los deberes y atribuciones legales inherentes a su cargo.<\/p>\n<p style=\"text-align: justify;\">El fiscal adjunto Augusto Salas cumplir\u00e1 funciones como responsable del \u00c1rea V- departamento de Itap\u00faa, para la supervision de todas las unidades fiscales de esa \u00e1rea, conforme con los deberes y atribuciones legales inherentes a su cargo. El fiscal adjunto, C\u00e9sar Gonz\u00e1lez Vel\u00e1zquez pasar\u00e1 a cumplir funciones<br \/>\ncomo responsable del Area XIII &#8211; departamento de Canindey\u00fa y Area XIV &#8211; departamento de Amambay, que se crean por resoluci\u00f3n para la supervision de todas las unidades fiscales de esas \u00e1reas conforme con los deberes y atribuciones legales inherentes a su cargo.<\/p>\n<p style=\"text-align: justify;\">La fiscal adjunta, Abg Maria Teresa Aguirre ser\u00e1 responsable del Area XII &#8211; departamento de Misiones; y el fiscal adjunto, Abg. Humberto Rosetti Miranda ser\u00e1 responsable del \u00c1rea IV &#8211; Dptos de Guair\u00e1 y Caazap\u00e1 para la supervision de todas las unidades fiscales de esa \u00e1rea, conforme con los deberes y atribuciones legales inherentes a su cargo.<\/p>\n<p style=\"text-align: justify;\">Las reasignaciones siguen con el fiscal adjunto, Abg. Roberto Zacarias Recalde quien ser\u00e1 responsable del \u00c1rea VII &#8211; Dpto de Cordillera para la supervision canci\u00f3n de todas las<br \/>\nunidades fiscales de esa \u00e1rea, conforme con los deberes y atribuciones legales inherentes a su cargo.<\/p>\n<p style=\"text-align: justify;\">Se reasigna adem\u00e1s al fiscal adjunto Edgar Augusto Moreno para cumplir funciones como responsable del Area III &#8211; todo el departamento Central; y el fiscal adjunto, Federico Espinoza Espinola para cumplir funciones como responsable del \u00c1rea IX &#8211; departamentos de Concepci\u00f3n y Alto Paraguay (Pto. Casado, Fuerte Olimpo, Bah\u00eda Negra y Carmelo Peralta) y del \u00c1rea XI &#8211; Dpto. de San Pedro.<\/p>\n<p style=\"text-align: justify;\">La agente fiscal adjunta Alba Rocio Cantero pasar\u00e1 a cumplir funciones como responsable del \u00c1rea VIII &#8211; Chaco para la supervisi\u00f3n de todas las unidades fiscales de esa \u00e1rea, con excepci\u00f3n del departamento de Alto Paraguay y el fiscal adjunto, Abg. Celso Jos\u00e9 Sanabria cumplir\u00e1 funciones como<br \/>\nresponsable del \u00c1rea XVI Dpto de Neembuc\u00fa; en tanto que la fiscal adjunta Gilda Villalba Tottil cumplir\u00e1 funciones como<br \/>\nresponsable del Area VI &#8211; Dpto. de Caaguaz\u00fa.<\/p>\n<p style=\"text-align: justify;\">Se establece adem\u00e1s, que la Unidad Especializada de Lucha contra la Violencia Familiar pasa a denominarse Unidad Especializada de Lucha dohtray la Violencia Familiar y de G\u00e9nero de la ciudad de Asunci\u00f3n y designar como responsablea la fiscal adjunta Artemisa Marchuck.<\/p>\n<p style=\"text-align: justify;\">Finalmente, se reasigna a la fiscal adjunta, Abg. Nancy Salom\u00f3n Mar\u00edn para cumplir funciones como responsable de las Unidades Penales de Ejecuci\u00f3n y de Transicion de Asunci\u00f3n; de la Unidad Especializada de Propiedad Intelectual de Asunci\u00f3n, y del Equipo de trabajo para atender causas de Explotaci\u00f3n Clandestina de Juegos de Azar en Asunci\u00f3n, conforme con los deberes y atribuciones legales inherentes a su cargo.<\/p>\n<p>La fiscal adjunta Patricia Rivarola cumplir\u00e1 funciones como responsable del \u00c1rea Auditoria de Gesti\u00f3n Fiscal, sin perjuicio de actuales funciones en el \u00c1rea Tutelar y Unidad Especializada de Derechos Humanos<\/p>\n","protected":false},"excerpt":{"rendered":"<p>Tras asumir el cargo de Fiscal General del Estado, el Dr. Emiliano Rol\u00f3n Fern\u00e1ndez realiz\u00f3 las primeras reasignaciones, tal como anunci\u00f3 antes de jurar como titular del Ministerio P\u00fablico.<\/p>\n","protected":false},"author":1,"featured_media":52433,"comment_status":"closed","ping_status":"open","sticky":false,"template":"","format":"standard","meta":{"sfsi_plus_gutenberg_text_before_share":"","sfsi_plus_gutenberg_show_text_before_share":"","sfsi_plus_gutenberg_icon_type":"","sfsi_plus_gutenberg_icon_alignemt":"","sfsi_plus_gutenburg_max_per_row":"","footnotes":"","_jetpack_memberships_contains_paid_content":false,"jetpack_publicize_message":"","jetpack_publicize_feature_enabled":true,"jetpack_social_post_already_shared":true,"jetpack_social_options":{"image_generator_settings":{"template":"highway","enabled":false},"version":2}},"categories":[5],"tags":[],"jetpack_publicize_connections":[],"jetpack_sharing_enabled":true,"jetpack_featured_media_url":"https:\/\/agendaparaguay.com\/v2\/wp-content\/uploads\/2023\/03\/emiliano_rolon_solo.jpg","_links":{"self":[{"href":"https:\/\/agendaparaguay.com\/v2\/wp-json\/wp\/v2\/posts\/52431"}],"collection":[{"href":"https:\/\/agendaparaguay.com\/v2\/wp-json\/wp\/v2\/posts"}],"about":[{"href":"https:\/\/agendaparaguay.com\/v2\/wp-json\/wp\/v2\/types\/post"}],"author":[{"embeddable":true,"href":"https:\/\/agendaparaguay.com\/v2\/wp-json\/wp\/v2\/users\/1"}],"replies":[{"embeddable":true,"href":"https:\/\/agendaparaguay.com\/v2\/wp-json\/wp\/v2\/comments?post=52431"}],"version-history":[{"count":1,"href":"https:\/\/agendaparaguay.com\/v2\/wp-json\/wp\/v2\/posts\/52431\/revisions"}],"predecessor-version":[{"id":52434,"href":"https:\/\/agendaparaguay.com\/v2\/wp-json\/wp\/v2\/posts\/52431\/revisions\/52434"}],"wp:featuredmedia":[{"embeddable":true,"href":"https:\/\/agendaparaguay.com\/v2\/wp-json\/wp\/v2\/media\/52433"}],"wp:attachment":[{"href":"https:\/\/agendaparaguay.com\/v2\/wp-json\/wp\/v2\/media?parent=52431"}],"wp:term":[{"taxonomy":"category","embeddable":true,"href":"https:\/\/agendaparaguay.com\/v2\/wp-json\/wp\/v2\/categories?post=52431"},{"taxonomy":"post_tag","embeddable":true,"href":"https:\/\/agendaparaguay.com\/v2\/wp-json\/wp\/v2\/tags?post=52431"}],"curies":[{"name":"wp","href":"https:\/\/api.w.org\/{rel}","templated":true}]}}