{"id":52596,"date":"2023-03-15T14:30:19","date_gmt":"2023-03-15T17:30:19","guid":{"rendered":"https:\/\/agendaparaguay.com\/v2\/?p=52596"},"modified":"2023-03-15T15:53:16","modified_gmt":"2023-03-15T18:53:16","slug":"gobierno-apunta-a-lograr-apertura-del-mercado-americano-a-la-carne-paraguaya","status":"publish","type":"post","link":"https:\/\/agendaparaguay.com\/v2\/2023\/03\/15\/gobierno-apunta-a-lograr-apertura-del-mercado-americano-a-la-carne-paraguaya\/","title":{"rendered":"Gobierno apunta a lograr apertura del mercado americano a la carne paraguaya"},"content":{"rendered":"<p style=\"text-align: justify;\">La \u201cprioridad absoluta\u201d de la administraci\u00f3n Mario Abdo Ben\u00edtez es concretar la ansiada habilitaci\u00f3n de los Estados Unidos para el ingreso de la carne paraguaya a dicho mercado, mensaje que fue transmitido al embajador Marc Ostfield y que se espera que llegue hasta Washington. Las autoridades paraguayas est\u00e1n confiadas en obtener \u201cpronto\u201d el aval del Gobierno americano.<!--more--><\/p>\n<p>As\u00ed lo declar\u00f3 este mi\u00e9rcoles en Palacio de Gobierno, el jefe de Gabinete Civil de la Presidencia, Hern\u00e1n Huttemann, quien junto con el ministro de Relaciones Exteriores, informaron sobre los temas analizados por el presidente de la Rep\u00fablica, Mario Abdo Ben\u00edtez, y el embajador de Estados Unidos en Paraguay, Marc Ostfield, durante la reuni\u00f3n que mantuvieron ayer martes.<\/p>\n<p>Huttemann detall\u00f3 que el \u201ctema principal y que demand\u00f3 m\u00e1s tiempo\u201d durante la reuni\u00f3n, fue la autorizaci\u00f3n para vender carne paraguaya a los Estados Unidos.<\/p>\n<p>Seg\u00fan explic\u00f3, el mismo requiere de muchos procedimientos que ya se extendieron por unos cuatro a\u00f1os y que el Paraguay est\u00e1 en condiciones de decir que ya cumpli\u00f3 con todos los requerimientos de los norteamericanos.<\/p>\n<p>\u201cEste proceso ya est\u00e1 en el \u00e1mbito y en manos del Gobierno de los Estados Unidos. Le manifestamos al embajador la importancia y la prioridad que representa para este Gobierno la apertura de ese mercado\u201d, indic\u00f3 el alto funcionario nacional.<\/p>\n<p style=\"text-align: justify;\">Le pedimos al embajador que haga llegar a trav\u00e9s suyo ese mensaje a Washington. Es una prioridad absoluta del Gobierno, subray\u00f3 el jefe de Gabinete Civil de la Presidencia.<\/p>\n<p style=\"text-align: justify;\">Se trata del segundo mayor importador de carne del mundo y la proyecci\u00f3n es enviar el producto por valor de USD 100 millones en el primer a\u00f1o, es decir un promedio de 20.000 a 25.000 toneladas anuales.<br \/>\nCanciller conf\u00eda en que habilitaci\u00f3n se dar\u00eda en breve<\/p>\n<p style=\"text-align: justify;\">Sobre el mismo punto, el ministro Julio Arriola se mostr\u00f3 confiado en que la ansiada habilitaci\u00f3n se dar\u00eda en breve.<\/p>\n<p style=\"text-align: justify;\">Explic\u00f3 que ahora se pondr\u00e1 en marcha una audiencia p\u00fablica en Estados Unidos, donde se tomar\u00e1n las recomendaciones y a partir de all\u00ed, se finiquitar\u00eda la cuesti\u00f3n.<\/p>\n<p style=\"text-align: justify;\">El proceso tomar\u00eda unos 60 d\u00edas, de acuerdo a lo estimado por el canciller.<\/p>\n<p style=\"text-align: justify;\">Por otro lado, comunicaron que otro de los puntos abordados fue la reuni\u00f3n que mantendr\u00e1n el canciller nacional, Julio C\u00e9sar Arriola y el secretario de Estado de los Estados Unidos, Antony Blinken, el pr\u00f3ximo 27 de marzo en Washington.<\/p>\n<p style=\"text-align: justify;\">\u201cTambi\u00e9n hablamos sobre el proyecto de ley de creaci\u00f3n de la Secretar\u00eda Nacional de Integridad y Transparencia. La idea es que sea un \u00f3rgano promotor anticorrupci\u00f3n\u201d, agreg\u00f3 Huttemann al tiempo de resaltar que este tipo de se\u00f1ales es clave para la lucha contra la corrupci\u00f3n. Fuente: Ip<\/p>\n","protected":false},"excerpt":{"rendered":"<p>La \u201cprioridad absoluta\u201d de la administraci\u00f3n Mario Abdo Ben\u00edtez es concretar la ansiada habilitaci\u00f3n de los Estados Unidos para el ingreso de la carne paraguaya a dicho mercado, mensaje que&hellip; <\/p>\n","protected":false},"author":1,"featured_media":9907,"comment_status":"closed","ping_status":"open","sticky":false,"template":"","format":"standard","meta":{"sfsi_plus_gutenberg_text_before_share":"","sfsi_plus_gutenberg_show_text_before_share":"","sfsi_plus_gutenberg_icon_type":"","sfsi_plus_gutenberg_icon_alignemt":"","sfsi_plus_gutenburg_max_per_row":"","footnotes":"","_jetpack_memberships_contains_paid_content":false,"jetpack_publicize_message":"","jetpack_publicize_feature_enabled":true,"jetpack_social_post_already_shared":true,"jetpack_social_options":{"image_generator_settings":{"template":"highway","enabled":false},"version":2}},"categories":[2],"tags":[],"jetpack_publicize_connections":[],"jetpack_sharing_enabled":true,"jetpack_featured_media_url":"https:\/\/agendaparaguay.com\/v2\/wp-content\/uploads\/2019\/06\/carne_exportacion.jpg","_links":{"self":[{"href":"https:\/\/agendaparaguay.com\/v2\/wp-json\/wp\/v2\/posts\/52596"}],"collection":[{"href":"https:\/\/agendaparaguay.com\/v2\/wp-json\/wp\/v2\/posts"}],"about":[{"href":"https:\/\/agendaparaguay.com\/v2\/wp-json\/wp\/v2\/types\/post"}],"author":[{"embeddable":true,"href":"https:\/\/agendaparaguay.com\/v2\/wp-json\/wp\/v2\/users\/1"}],"replies":[{"embeddable":true,"href":"https:\/\/agendaparaguay.com\/v2\/wp-json\/wp\/v2\/comments?post=52596"}],"version-history":[{"count":2,"href":"https:\/\/agendaparaguay.com\/v2\/wp-json\/wp\/v2\/posts\/52596\/revisions"}],"predecessor-version":[{"id":52599,"href":"https:\/\/agendaparaguay.com\/v2\/wp-json\/wp\/v2\/posts\/52596\/revisions\/52599"}],"wp:featuredmedia":[{"embeddable":true,"href":"https:\/\/agendaparaguay.com\/v2\/wp-json\/wp\/v2\/media\/9907"}],"wp:attachment":[{"href":"https:\/\/agendaparaguay.com\/v2\/wp-json\/wp\/v2\/media?parent=52596"}],"wp:term":[{"taxonomy":"category","embeddable":true,"href":"https:\/\/agendaparaguay.com\/v2\/wp-json\/wp\/v2\/categories?post=52596"},{"taxonomy":"post_tag","embeddable":true,"href":"https:\/\/agendaparaguay.com\/v2\/wp-json\/wp\/v2\/tags?post=52596"}],"curies":[{"name":"wp","href":"https:\/\/api.w.org\/{rel}","templated":true}]}}