{"id":52730,"date":"2023-03-20T11:32:42","date_gmt":"2023-03-20T14:32:42","guid":{"rendered":"https:\/\/agendaparaguay.com\/v2\/?p=52730"},"modified":"2023-03-20T15:07:21","modified_gmt":"2023-03-20T18:07:21","slug":"asuncion-suma-su-segunda-planta-de-tratamiento-de-aguas-residuales","status":"publish","type":"post","link":"https:\/\/agendaparaguay.com\/v2\/2023\/03\/20\/asuncion-suma-su-segunda-planta-de-tratamiento-de-aguas-residuales\/","title":{"rendered":"Asunci\u00f3n suma su segunda planta de tratamiento de aguas residuales"},"content":{"rendered":"<p style=\"text-align: justify;\">En coincidencia con el D\u00eda Mundial del Agua que se conmemora este 22 de marzo, el Ministerio de Obras P\u00fablicas y Comunicaciones (MOPC) inaugur\u00f3 la Planta de Tratamiento de Aguas Residuales de Bella Vista, en Asunci\u00f3n que beneficiar\u00e1 a 1.200.000 personas.<!--more--><\/p>\n<p style=\"text-align: justify;\">Con presencia del jefe de Estado, Mario Abdo Ben\u00edtez, el ministro de Obras P\u00fablicas y Comunicaciones, Rodolfo Segovia y otras autoridades nacionales y locales, fue inaugurada este lunes la Planta de Tratamiento de Aguas Residuales (PTAR) de Bella Vista, que se convierte en la segunda obra de esta envergadura habilitada en la ciudad de Asunci\u00f3n.<\/p>\n<p style=\"text-align: justify;\">Durante el acto, el ministro Segovia agradeci\u00f3 a todos los involucrados en el proyecto que permite avanzar hacia la recuperaci\u00f3n ambiental de la Bah\u00eda de Asunci\u00f3n y sus arroyos, y en el mejoramiento de la calidad de vida de la poblaci\u00f3n capitalina.<\/p>\n<p style=\"text-align: justify;\">Comunic\u00f3 que la Planta de Tratamiento de Aguas Residuales (PTAR) de Bella Vista es la segunda construida en Asunci\u00f3n, junto con la de Varadero, en operaci\u00f3n desde marzo de 2021, bajo la administraci\u00f3n de la Empresa de Servicios Sanitarios del Paraguay (Essap).<\/p>\n<p style=\"text-align: justify;\">Las obras forman parte del Programa de Saneamiento Integral de la Bah\u00eda y \u00c1rea Metropolitana de Asunci\u00f3n, ejecutado por el Ministerio de Obras P\u00fablicas y Comunicaciones (MOPC).<\/p>\n<p style=\"text-align: justify;\">Levantada a orillas del emblem\u00e1tico arroyo Mburica\u00f3, en la zona del Ba\u00f1ado Norte de la capital, su construcci\u00f3n demand\u00f3 una inversi\u00f3n de USD 20 millones, proveniente del Banco Interamericano de Desarrollo (BID).<\/p>\n<p style=\"text-align: justify;\">La PTAR de Bella Vista ocupa una superficie de 8.100 metros cuadrados, de los 10.000 que posee el terreno donde se asienta. Estar\u00e1 en condiciones de procesar un caudal de 4.400 litros de aguas residuales por segundo, procedentes de barrios de Asunci\u00f3n, Fernando de la Mora, Luque y parte de San Lorenzo. Beneficiar\u00e1 a un total de 1.200.000 personas.<\/p>\n<p style=\"text-align: justify;\">Asimismo dispondr\u00e1 tambi\u00e9n de un laboratorio para el an\u00e1lisis f\u00edsico, qu\u00edmico y bacteriol\u00f3gico de las aguas residuales que ingresen a la Planta, y de las vertidas al r\u00edo Paraguay, luego del tratamiento.<\/p>\n<p>Fuente: Ip<\/p>\n","protected":false},"excerpt":{"rendered":"<p>En coincidencia con el D\u00eda Mundial del Agua que se conmemora este 22 de marzo, el Ministerio de Obras P\u00fablicas y Comunicaciones (MOPC) inaugur\u00f3 la Planta de Tratamiento de Aguas&hellip; <\/p>\n","protected":false},"author":1,"featured_media":52731,"comment_status":"closed","ping_status":"open","sticky":false,"template":"","format":"standard","meta":{"sfsi_plus_gutenberg_text_before_share":"","sfsi_plus_gutenberg_show_text_before_share":"","sfsi_plus_gutenberg_icon_type":"","sfsi_plus_gutenberg_icon_alignemt":"","sfsi_plus_gutenburg_max_per_row":"","footnotes":"","_jetpack_memberships_contains_paid_content":false,"jetpack_publicize_message":"","jetpack_publicize_feature_enabled":true,"jetpack_social_post_already_shared":true,"jetpack_social_options":{"image_generator_settings":{"template":"highway","enabled":false},"version":2}},"categories":[2],"tags":[],"jetpack_publicize_connections":[],"jetpack_sharing_enabled":true,"jetpack_featured_media_url":"https:\/\/agendaparaguay.com\/v2\/wp-content\/uploads\/2023\/03\/marito_agfua.jpg","_links":{"self":[{"href":"https:\/\/agendaparaguay.com\/v2\/wp-json\/wp\/v2\/posts\/52730"}],"collection":[{"href":"https:\/\/agendaparaguay.com\/v2\/wp-json\/wp\/v2\/posts"}],"about":[{"href":"https:\/\/agendaparaguay.com\/v2\/wp-json\/wp\/v2\/types\/post"}],"author":[{"embeddable":true,"href":"https:\/\/agendaparaguay.com\/v2\/wp-json\/wp\/v2\/users\/1"}],"replies":[{"embeddable":true,"href":"https:\/\/agendaparaguay.com\/v2\/wp-json\/wp\/v2\/comments?post=52730"}],"version-history":[{"count":1,"href":"https:\/\/agendaparaguay.com\/v2\/wp-json\/wp\/v2\/posts\/52730\/revisions"}],"predecessor-version":[{"id":52732,"href":"https:\/\/agendaparaguay.com\/v2\/wp-json\/wp\/v2\/posts\/52730\/revisions\/52732"}],"wp:featuredmedia":[{"embeddable":true,"href":"https:\/\/agendaparaguay.com\/v2\/wp-json\/wp\/v2\/media\/52731"}],"wp:attachment":[{"href":"https:\/\/agendaparaguay.com\/v2\/wp-json\/wp\/v2\/media?parent=52730"}],"wp:term":[{"taxonomy":"category","embeddable":true,"href":"https:\/\/agendaparaguay.com\/v2\/wp-json\/wp\/v2\/categories?post=52730"},{"taxonomy":"post_tag","embeddable":true,"href":"https:\/\/agendaparaguay.com\/v2\/wp-json\/wp\/v2\/tags?post=52730"}],"curies":[{"name":"wp","href":"https:\/\/api.w.org\/{rel}","templated":true}]}}