{"id":53351,"date":"2023-04-11T11:30:51","date_gmt":"2023-04-11T15:30:51","guid":{"rendered":"https:\/\/agendaparaguay.com\/v2\/?p=53351"},"modified":"2023-04-11T16:36:31","modified_gmt":"2023-04-11T20:36:31","slug":"dupla-acevedo-querey-descarta-pedir-voto-util-a-favor-de-efrain","status":"publish","type":"post","link":"https:\/\/agendaparaguay.com\/v2\/2023\/04\/11\/dupla-acevedo-querey-descarta-pedir-voto-util-a-favor-de-efrain\/","title":{"rendered":"Dupla Acevedo-Querey descarta pedir voto \u00fatil a favor de Efra\u00edn"},"content":{"rendered":"<p style=\"text-align: justify;\">En conferencia de prensa, la dupla presidencial Euclides Acevedo &#8211; Jorge Querey confirm\u00f3 este martes que seguir\u00e1n hasta el final con la candidatura, es decir, hasta el 30 de abril pr\u00f3ximo.<!--more--><\/p>\n<p style=\"text-align: justify;\">De esta forma, descartaron la posibilidad de solicitar el \u00abvoto \u00fatil\u00bb en favor del candidato de la Concertaci\u00f3n, Efra\u00edn Alegre.<\/p>\n<p style=\"text-align: justify;\">\u00abEstamos firmes y la dupla Euclides-Querey va hasta el final. La Nueva Rep\u00fablica ha venido para quedarse\u00bb, indic\u00f3 Acevedo.<\/p>\n<p style=\"text-align: justify;\">\u00abTendr\u00edan que arrepentirse y pedir de rodillas disculpas al pueblo paraguayo por votar a favor del juicio pol\u00edtico (a Lugo)\u00bb, se\u00f1al\u00f3 por su parte Jorge Querey ante la consulta periodistica.<\/p>\n<p style=\"text-align: justify;\">El legislador y candidato a vicepresidente agreg\u00f3 \u00abEstamos en pleno crecimiento. El 30 de abril tendremos la victoria si cumplimos con esa hoja de ruta. A no decaer en ning\u00fan momento\u00bb.<\/p>\n<p style=\"text-align: justify;\">De esta forma, los candidatos salen al paso de las versiones sobre la intenci\u00f3n de Acevedo de declinar su candidatura a favor del candidato de la Concertaci\u00f3n, Efra\u00edn Alegre.<\/p>\n<p>Esta ma\u00f1ana, el senador Jos\u00e9 Ledesma dijo que Euclides est\u00e1 a un paso de pedir el voto \u00fatil a favor de Alegre.<\/p>\n","protected":false},"excerpt":{"rendered":"<p>En conferencia de prensa, la dupla presidencial Euclides Acevedo &#8211; Jorge Querey confirm\u00f3 este martes que seguir\u00e1n hasta el final con la candidatura, es decir, hasta el 30 de abril&hellip; <\/p>\n","protected":false},"author":1,"featured_media":53352,"comment_status":"closed","ping_status":"open","sticky":false,"template":"","format":"standard","meta":{"sfsi_plus_gutenberg_text_before_share":"","sfsi_plus_gutenberg_show_text_before_share":"","sfsi_plus_gutenberg_icon_type":"","sfsi_plus_gutenberg_icon_alignemt":"","sfsi_plus_gutenburg_max_per_row":"","footnotes":"","_jetpack_memberships_contains_paid_content":false,"jetpack_publicize_message":"","jetpack_publicize_feature_enabled":true,"jetpack_social_post_already_shared":true,"jetpack_social_options":{"image_generator_settings":{"template":"highway","enabled":false},"version":2}},"categories":[2],"tags":[],"jetpack_publicize_connections":[],"jetpack_sharing_enabled":true,"jetpack_featured_media_url":"https:\/\/agendaparaguay.com\/v2\/wp-content\/uploads\/2023\/04\/euclides_querey_kencho.jpg","_links":{"self":[{"href":"https:\/\/agendaparaguay.com\/v2\/wp-json\/wp\/v2\/posts\/53351"}],"collection":[{"href":"https:\/\/agendaparaguay.com\/v2\/wp-json\/wp\/v2\/posts"}],"about":[{"href":"https:\/\/agendaparaguay.com\/v2\/wp-json\/wp\/v2\/types\/post"}],"author":[{"embeddable":true,"href":"https:\/\/agendaparaguay.com\/v2\/wp-json\/wp\/v2\/users\/1"}],"replies":[{"embeddable":true,"href":"https:\/\/agendaparaguay.com\/v2\/wp-json\/wp\/v2\/comments?post=53351"}],"version-history":[{"count":1,"href":"https:\/\/agendaparaguay.com\/v2\/wp-json\/wp\/v2\/posts\/53351\/revisions"}],"predecessor-version":[{"id":53353,"href":"https:\/\/agendaparaguay.com\/v2\/wp-json\/wp\/v2\/posts\/53351\/revisions\/53353"}],"wp:featuredmedia":[{"embeddable":true,"href":"https:\/\/agendaparaguay.com\/v2\/wp-json\/wp\/v2\/media\/53352"}],"wp:attachment":[{"href":"https:\/\/agendaparaguay.com\/v2\/wp-json\/wp\/v2\/media?parent=53351"}],"wp:term":[{"taxonomy":"category","embeddable":true,"href":"https:\/\/agendaparaguay.com\/v2\/wp-json\/wp\/v2\/categories?post=53351"},{"taxonomy":"post_tag","embeddable":true,"href":"https:\/\/agendaparaguay.com\/v2\/wp-json\/wp\/v2\/tags?post=53351"}],"curies":[{"name":"wp","href":"https:\/\/api.w.org\/{rel}","templated":true}]}}