{"id":53364,"date":"2023-04-11T15:20:19","date_gmt":"2023-04-11T19:20:19","guid":{"rendered":"https:\/\/agendaparaguay.com\/v2\/?p=53364"},"modified":"2023-04-11T21:44:15","modified_gmt":"2023-04-12T01:44:15","slug":"efrain-alegre-inicia-hoy-recorrido-por-el-chaco","status":"publish","type":"post","link":"https:\/\/agendaparaguay.com\/v2\/2023\/04\/11\/efrain-alegre-inicia-hoy-recorrido-por-el-chaco\/","title":{"rendered":"Efra\u00edn Alegre inicia hoy recorrido por el Chaco"},"content":{"rendered":"<p style=\"text-align: justify;\">En\u00a0 el marco de Escuchar para Gobernar, el candidato presidenciable por la Concertaci\u00f3n Nacional, Efra\u00edn Alegre, se encuentra en la \u00abGira del Cambio\u00bb, este martes realizando un recorrido por las distintas localidades del Chaco paraguayo.<\/p>\n<p style=\"text-align: justify;\">Las ciudades incluidas en la Gira del Cambio son Bah\u00eda Negra, Fuerte Olimpo, Carmelo Peralta y Puerto Casado.<\/p>\n<p style=\"text-align: justify;\">\n<p style=\"text-align: justify;\">Indicaron los organizadores que es con el objetivo de llevar sus propuestas y plan de gobierno a la regi\u00f3n occidental del pa\u00eds, el candidato escuchar\u00e1 las preocupaciones y propuestas de los ciudadanos de esta regi\u00f3n.<\/p>\n","protected":false},"excerpt":{"rendered":"<p>En\u00a0 el marco de Escuchar para Gobernar, el candidato presidenciable por la Concertaci\u00f3n Nacional, Efra\u00edn Alegre, se encuentra en la \u00abGira del Cambio\u00bb, este martes realizando un recorrido por las&hellip; <\/p>\n","protected":false},"author":1,"featured_media":53225,"comment_status":"closed","ping_status":"open","sticky":false,"template":"","format":"standard","meta":{"sfsi_plus_gutenberg_text_before_share":"","sfsi_plus_gutenberg_show_text_before_share":"","sfsi_plus_gutenberg_icon_type":"","sfsi_plus_gutenberg_icon_alignemt":"","sfsi_plus_gutenburg_max_per_row":"","footnotes":"","_jetpack_memberships_contains_paid_content":false,"jetpack_publicize_message":"","jetpack_publicize_feature_enabled":true,"jetpack_social_post_already_shared":true,"jetpack_social_options":{"image_generator_settings":{"template":"highway","enabled":false},"version":2}},"categories":[2],"tags":[],"jetpack_publicize_connections":[],"jetpack_sharing_enabled":true,"jetpack_featured_media_url":"https:\/\/agendaparaguay.com\/v2\/wp-content\/uploads\/2023\/04\/efrain_chipa.jpg","_links":{"self":[{"href":"https:\/\/agendaparaguay.com\/v2\/wp-json\/wp\/v2\/posts\/53364"}],"collection":[{"href":"https:\/\/agendaparaguay.com\/v2\/wp-json\/wp\/v2\/posts"}],"about":[{"href":"https:\/\/agendaparaguay.com\/v2\/wp-json\/wp\/v2\/types\/post"}],"author":[{"embeddable":true,"href":"https:\/\/agendaparaguay.com\/v2\/wp-json\/wp\/v2\/users\/1"}],"replies":[{"embeddable":true,"href":"https:\/\/agendaparaguay.com\/v2\/wp-json\/wp\/v2\/comments?post=53364"}],"version-history":[{"count":1,"href":"https:\/\/agendaparaguay.com\/v2\/wp-json\/wp\/v2\/posts\/53364\/revisions"}],"predecessor-version":[{"id":53365,"href":"https:\/\/agendaparaguay.com\/v2\/wp-json\/wp\/v2\/posts\/53364\/revisions\/53365"}],"wp:featuredmedia":[{"embeddable":true,"href":"https:\/\/agendaparaguay.com\/v2\/wp-json\/wp\/v2\/media\/53225"}],"wp:attachment":[{"href":"https:\/\/agendaparaguay.com\/v2\/wp-json\/wp\/v2\/media?parent=53364"}],"wp:term":[{"taxonomy":"category","embeddable":true,"href":"https:\/\/agendaparaguay.com\/v2\/wp-json\/wp\/v2\/categories?post=53364"},{"taxonomy":"post_tag","embeddable":true,"href":"https:\/\/agendaparaguay.com\/v2\/wp-json\/wp\/v2\/tags?post=53364"}],"curies":[{"name":"wp","href":"https:\/\/api.w.org\/{rel}","templated":true}]}}