{"id":53372,"date":"2023-04-12T08:30:00","date_gmt":"2023-04-12T12:30:00","guid":{"rendered":"https:\/\/agendaparaguay.com\/v2\/?p=53372"},"modified":"2023-04-12T11:10:26","modified_gmt":"2023-04-12T15:10:26","slug":"analizaran-sancionar-a-responsables-de-instituciones-por-negarse-a-responder-pedidos-de-informes","status":"publish","type":"post","link":"https:\/\/agendaparaguay.com\/v2\/2023\/04\/12\/analizaran-sancionar-a-responsables-de-instituciones-por-negarse-a-responder-pedidos-de-informes\/","title":{"rendered":"Analizar\u00e1n sancionar a responsables de instituciones por negarse a responder pedidos de informes"},"content":{"rendered":"<p style=\"text-align: justify;\">El senador Fernando Silva Facetti confirm\u00f3 que este mi\u00e9rcoles 12 estudiar\u00e1n en reuni\u00f3n de la Comisi\u00f3n de Legislaci\u00f3n de la c\u00e1mara de alta dos proyectos de Leyes que hacen referencia al cumplimiento Art 192 Constituci\u00f3n Nacional, sobre los pedidos de informes solicitados por las C\u00e1maras del Congreso y frecuentemente ninguneados por los Entes del Estado.<!--more--><\/p>\n<p style=\"text-align: justify;\">En este contexto, el legislador indic\u00f3 que el incumplimiento o negaci\u00f3n de los Entes a responder a los pedidos debe ser sancionado, y es la autoridad m\u00e1xima del Ente responsable de remitir informes el responsable del incumplimiento<\/p>\n<p style=\"text-align: justify;\">\u00abCorresponde la configuraci\u00f3n del incumplimiento como desacato, atendiendo a que nuestro Gobierno est\u00e1 regido por el principio de separaci\u00f3n de Poderes bajo un sistema de equilibrio, coordinaci\u00f3n y reciproco control\u00bb sentenci\u00f3 el senador Silva Facetti.<\/p>\n<p style=\"text-align: justify;\">El documento ser\u00e1 analizado por el pleno del senado en sesi\u00f3n ordinaria del pr\u00f3ximo jueves.<\/p>\n","protected":false},"excerpt":{"rendered":"<p>El senador Fernando Silva Facetti confirm\u00f3 que este mi\u00e9rcoles 12 estudiar\u00e1n en reuni\u00f3n de la Comisi\u00f3n de Legislaci\u00f3n de la c\u00e1mara de alta dos proyectos de Leyes que hacen referencia&hellip; <\/p>\n","protected":false},"author":1,"featured_media":51278,"comment_status":"closed","ping_status":"open","sticky":false,"template":"","format":"standard","meta":{"sfsi_plus_gutenberg_text_before_share":"","sfsi_plus_gutenberg_show_text_before_share":"","sfsi_plus_gutenberg_icon_type":"","sfsi_plus_gutenberg_icon_alignemt":"","sfsi_plus_gutenburg_max_per_row":"","footnotes":"","_jetpack_memberships_contains_paid_content":false,"jetpack_publicize_message":"","jetpack_publicize_feature_enabled":true,"jetpack_social_post_already_shared":true,"jetpack_social_options":{"image_generator_settings":{"template":"highway","enabled":false},"version":2}},"categories":[3],"tags":[],"jetpack_publicize_connections":[],"jetpack_sharing_enabled":true,"jetpack_featured_media_url":"https:\/\/agendaparaguay.com\/v2\/wp-content\/uploads\/2023\/02\/fernando_silva_facett.jpg","_links":{"self":[{"href":"https:\/\/agendaparaguay.com\/v2\/wp-json\/wp\/v2\/posts\/53372"}],"collection":[{"href":"https:\/\/agendaparaguay.com\/v2\/wp-json\/wp\/v2\/posts"}],"about":[{"href":"https:\/\/agendaparaguay.com\/v2\/wp-json\/wp\/v2\/types\/post"}],"author":[{"embeddable":true,"href":"https:\/\/agendaparaguay.com\/v2\/wp-json\/wp\/v2\/users\/1"}],"replies":[{"embeddable":true,"href":"https:\/\/agendaparaguay.com\/v2\/wp-json\/wp\/v2\/comments?post=53372"}],"version-history":[{"count":1,"href":"https:\/\/agendaparaguay.com\/v2\/wp-json\/wp\/v2\/posts\/53372\/revisions"}],"predecessor-version":[{"id":53373,"href":"https:\/\/agendaparaguay.com\/v2\/wp-json\/wp\/v2\/posts\/53372\/revisions\/53373"}],"wp:featuredmedia":[{"embeddable":true,"href":"https:\/\/agendaparaguay.com\/v2\/wp-json\/wp\/v2\/media\/51278"}],"wp:attachment":[{"href":"https:\/\/agendaparaguay.com\/v2\/wp-json\/wp\/v2\/media?parent=53372"}],"wp:term":[{"taxonomy":"category","embeddable":true,"href":"https:\/\/agendaparaguay.com\/v2\/wp-json\/wp\/v2\/categories?post=53372"},{"taxonomy":"post_tag","embeddable":true,"href":"https:\/\/agendaparaguay.com\/v2\/wp-json\/wp\/v2\/tags?post=53372"}],"curies":[{"name":"wp","href":"https:\/\/api.w.org\/{rel}","templated":true}]}}