{"id":53418,"date":"2023-04-13T08:00:41","date_gmt":"2023-04-13T12:00:41","guid":{"rendered":"https:\/\/agendaparaguay.com\/v2\/?p=53418"},"modified":"2023-04-13T08:48:01","modified_gmt":"2023-04-13T12:48:01","slug":"incautan-celulares-y-armas-caseras-durante-requisa-en-el-penal-de-san-pedro","status":"publish","type":"post","link":"https:\/\/agendaparaguay.com\/v2\/2023\/04\/13\/incautan-celulares-y-armas-caseras-durante-requisa-en-el-penal-de-san-pedro\/","title":{"rendered":"Incautan celulares y armas caseras durante requisa en el penal de San Pedro"},"content":{"rendered":"<p style=\"text-align: justify;\">El Ministerio de Justicia informa que el d\u00eda 13 de abril de 2023, a las 05:00 se procedi\u00f3 a la requisa en varios pabellones de la Penitenciar\u00eda Regional de San Pedro.<!--more--><\/p>\n<p style=\"text-align: justify;\">Durante el procedimiento se incautaron 52 armas blancas de fabricaci\u00f3n casera, ocho aparatos celulares, ocho armas contundentes, dos lanzas de fabricaci\u00f3n casera, una balanza de precisi\u00f3n y tres porciones peque\u00f1as de supuesta marihuana.<\/p>\n<p style=\"text-align: justify;\">El operativo fue ejecutado por agentes penitenciarios de los tres grupos de guardia, acompa\u00f1ados por el director general de Establecimientos Penitenciarios, el director del penal y apoyo del personal de Antidisturbios de la Polic\u00eda Nacional.<\/p>\n<p style=\"text-align: justify;\">El Ministerio de Justicia reitera su compromiso con la seguridad ciudadana y la lucha contra el crimen organizado y el narcotr\u00e1fico en todas sus formas. Estos procedimientos se realizan por instrucciones del ministro de Justicia Daniel Ben\u00edtez Romero.<\/p>\n","protected":false},"excerpt":{"rendered":"<p>El Ministerio de Justicia informa que el d\u00eda 13 de abril de 2023, a las 05:00 se procedi\u00f3 a la requisa en varios pabellones de la Penitenciar\u00eda Regional de San&hellip; <\/p>\n","protected":false},"author":1,"featured_media":53419,"comment_status":"closed","ping_status":"open","sticky":false,"template":"","format":"standard","meta":{"sfsi_plus_gutenberg_text_before_share":"","sfsi_plus_gutenberg_show_text_before_share":"","sfsi_plus_gutenberg_icon_type":"","sfsi_plus_gutenberg_icon_alignemt":"","sfsi_plus_gutenburg_max_per_row":"","footnotes":"","_jetpack_memberships_contains_paid_content":false,"jetpack_publicize_message":"","jetpack_publicize_feature_enabled":true,"jetpack_social_post_already_shared":true,"jetpack_social_options":{"image_generator_settings":{"template":"highway","enabled":false},"version":2}},"categories":[5],"tags":[],"jetpack_publicize_connections":[],"jetpack_sharing_enabled":true,"jetpack_featured_media_url":"https:\/\/agendaparaguay.com\/v2\/wp-content\/uploads\/2023\/04\/mj_requisa.jpg","_links":{"self":[{"href":"https:\/\/agendaparaguay.com\/v2\/wp-json\/wp\/v2\/posts\/53418"}],"collection":[{"href":"https:\/\/agendaparaguay.com\/v2\/wp-json\/wp\/v2\/posts"}],"about":[{"href":"https:\/\/agendaparaguay.com\/v2\/wp-json\/wp\/v2\/types\/post"}],"author":[{"embeddable":true,"href":"https:\/\/agendaparaguay.com\/v2\/wp-json\/wp\/v2\/users\/1"}],"replies":[{"embeddable":true,"href":"https:\/\/agendaparaguay.com\/v2\/wp-json\/wp\/v2\/comments?post=53418"}],"version-history":[{"count":1,"href":"https:\/\/agendaparaguay.com\/v2\/wp-json\/wp\/v2\/posts\/53418\/revisions"}],"predecessor-version":[{"id":53420,"href":"https:\/\/agendaparaguay.com\/v2\/wp-json\/wp\/v2\/posts\/53418\/revisions\/53420"}],"wp:featuredmedia":[{"embeddable":true,"href":"https:\/\/agendaparaguay.com\/v2\/wp-json\/wp\/v2\/media\/53419"}],"wp:attachment":[{"href":"https:\/\/agendaparaguay.com\/v2\/wp-json\/wp\/v2\/media?parent=53418"}],"wp:term":[{"taxonomy":"category","embeddable":true,"href":"https:\/\/agendaparaguay.com\/v2\/wp-json\/wp\/v2\/categories?post=53418"},{"taxonomy":"post_tag","embeddable":true,"href":"https:\/\/agendaparaguay.com\/v2\/wp-json\/wp\/v2\/tags?post=53418"}],"curies":[{"name":"wp","href":"https:\/\/api.w.org\/{rel}","templated":true}]}}