{"id":53460,"date":"2023-04-13T20:20:23","date_gmt":"2023-04-14T00:20:23","guid":{"rendered":"https:\/\/agendaparaguay.com\/v2\/?p=53460"},"modified":"2023-04-13T19:18:32","modified_gmt":"2023-04-13T23:18:32","slug":"supuesto-ingreso-irregular-al-pais-de-brasilenos-motivan-pedidos-de-informes","status":"publish","type":"post","link":"https:\/\/agendaparaguay.com\/v2\/2023\/04\/13\/supuesto-ingreso-irregular-al-pais-de-brasilenos-motivan-pedidos-de-informes\/","title":{"rendered":"Supuesto ingreso irregular al pa\u00eds de brasile\u00f1os motivan pedidos de informes"},"content":{"rendered":"<p style=\"text-align: justify;\">A iniciativa del diputado Carlos N\u00fa\u00f1ez Salinas la c\u00e1mara baja aprob\u00f3 unos pedidos de informes dirigidos a varias instituciones, con el objetivo de obtener datos sobre personas de nacionalidad brasile\u00f1a que habr\u00edan ingresado al pa\u00eds en los \u00faltimos d\u00edas, sin los tr\u00e1mites de rigor.<!--more--><\/p>\n<p style=\"text-align: justify;\">Seg\u00fan denuncias period\u00edsticas, esto podr\u00eda tener un trasfondo pol\u00edtico, record\u00f3 el proyectista.<\/p>\n<p style=\"text-align: justify;\">El primer documento va dirigido al Ministerio del Interior &#8211; Direcci\u00f3n General de Migraciones. Se trata del proyecto de resoluci\u00f3n \u201cQue pide informe a la Direcci\u00f3n Nacional de Migraciones, referente a los registros de ingreso al pa\u00eds de personas de nacionalidad brasile\u00f1a\u201d.<\/p>\n<p style=\"text-align: justify;\">La instituci\u00f3n deber\u00e1 informar sobre los documentos de registro de ingreso y salida del pa\u00eds que obran sobre ciudadanos de nacionalidad brasile\u00f1a en los \u00faltimos treinta d\u00edas.<\/p>\n<p style=\"text-align: justify;\">El material deber\u00e1 contener: nombre y apellido; nacionalidad; n\u00famero de documento de identidad o pasaporte; fecha de ingreso y fecha de salida; adem\u00e1s de otros datos registrados en el sistema de admisi\u00f3n y salida.<\/p>\n<p style=\"text-align: justify;\">En la misma l\u00ednea, precisa informaci\u00f3n respecto a unas personas de nacionalidad brasile\u00f1a, hospedadas en el \u201cComplejo Residencial Lambar\u00e9\u201d, administrado por la Cooperativa Lambar\u00e9, sobre las cuales se han publicado algunas notas period\u00edsticas.<\/p>\n<p style=\"text-align: justify;\">Otra instituci\u00f3n requerida es el Ministerio del Interior &#8211; Polic\u00eda Nacional, desde donde habr\u00e1 que informar sobre el sistema de seguridad y vigilancia con que se cuenta ante eventos de ingreso de personas extranjeras por un per\u00edodo de tiempo de hasta tres meses.<\/p>\n<p style=\"text-align: justify;\">Otras informaciones se centran en el registro de datos personales: nacionalidad; profesi\u00f3n; u otros datos de inter\u00e9s para la seguridad.<\/p>\n<p style=\"text-align: justify;\">Por \u00faltimo, tuvo visto bueno el proyecto de resoluci\u00f3n \u201cQue pide informes al Poder Ejecutivo &#8211; Secretar\u00eda Nacional de Inteligencia\u201d.<\/p>\n<p style=\"text-align: justify;\">La consulta tambi\u00e9n apunta al supuesto ingreso al pa\u00eds de varios inform\u00e1ticos de nacionalidad brasile\u00f1a, en los \u00faltimos treinta d\u00edas. El plazo para las respuestas es de 15 d\u00edas.\u00a0 Fuente: Diputados<\/p>\n","protected":false},"excerpt":{"rendered":"<p>A iniciativa del diputado Carlos N\u00fa\u00f1ez Salinas la c\u00e1mara baja aprob\u00f3 unos pedidos de informes dirigidos a varias instituciones, con el objetivo de obtener datos sobre personas de nacionalidad brasile\u00f1a&hellip; <\/p>\n","protected":false},"author":1,"featured_media":52174,"comment_status":"closed","ping_status":"open","sticky":false,"template":"","format":"standard","meta":{"sfsi_plus_gutenberg_text_before_share":"","sfsi_plus_gutenberg_show_text_before_share":"","sfsi_plus_gutenberg_icon_type":"","sfsi_plus_gutenberg_icon_alignemt":"","sfsi_plus_gutenburg_max_per_row":"","footnotes":"","_jetpack_memberships_contains_paid_content":false,"jetpack_publicize_message":"","jetpack_publicize_feature_enabled":true,"jetpack_social_post_already_shared":true,"jetpack_social_options":{"image_generator_settings":{"template":"highway","enabled":false},"version":2}},"categories":[4],"tags":[],"jetpack_publicize_connections":[],"jetpack_sharing_enabled":true,"jetpack_featured_media_url":"https:\/\/agendaparaguay.com\/v2\/wp-content\/uploads\/2023\/03\/Diputado_Carlos_Nunez_S.jpg","_links":{"self":[{"href":"https:\/\/agendaparaguay.com\/v2\/wp-json\/wp\/v2\/posts\/53460"}],"collection":[{"href":"https:\/\/agendaparaguay.com\/v2\/wp-json\/wp\/v2\/posts"}],"about":[{"href":"https:\/\/agendaparaguay.com\/v2\/wp-json\/wp\/v2\/types\/post"}],"author":[{"embeddable":true,"href":"https:\/\/agendaparaguay.com\/v2\/wp-json\/wp\/v2\/users\/1"}],"replies":[{"embeddable":true,"href":"https:\/\/agendaparaguay.com\/v2\/wp-json\/wp\/v2\/comments?post=53460"}],"version-history":[{"count":2,"href":"https:\/\/agendaparaguay.com\/v2\/wp-json\/wp\/v2\/posts\/53460\/revisions"}],"predecessor-version":[{"id":53462,"href":"https:\/\/agendaparaguay.com\/v2\/wp-json\/wp\/v2\/posts\/53460\/revisions\/53462"}],"wp:featuredmedia":[{"embeddable":true,"href":"https:\/\/agendaparaguay.com\/v2\/wp-json\/wp\/v2\/media\/52174"}],"wp:attachment":[{"href":"https:\/\/agendaparaguay.com\/v2\/wp-json\/wp\/v2\/media?parent=53460"}],"wp:term":[{"taxonomy":"category","embeddable":true,"href":"https:\/\/agendaparaguay.com\/v2\/wp-json\/wp\/v2\/categories?post=53460"},{"taxonomy":"post_tag","embeddable":true,"href":"https:\/\/agendaparaguay.com\/v2\/wp-json\/wp\/v2\/tags?post=53460"}],"curies":[{"name":"wp","href":"https:\/\/api.w.org\/{rel}","templated":true}]}}