{"id":53504,"date":"2023-04-14T18:46:32","date_gmt":"2023-04-14T22:46:32","guid":{"rendered":"https:\/\/agendaparaguay.com\/v2\/?p=53504"},"modified":"2023-04-14T18:46:32","modified_gmt":"2023-04-14T22:46:32","slug":"de-oficialistas-a-observadores-abordaje-sobre-financiamiento-electoral-no-es-ecuanime-en-la-prensa","status":"publish","type":"post","link":"https:\/\/agendaparaguay.com\/v2\/2023\/04\/14\/de-oficialistas-a-observadores-abordaje-sobre-financiamiento-electoral-no-es-ecuanime-en-la-prensa\/","title":{"rendered":"De oficialistas a observadores: \u00abAbordaje sobre financiamiento electoral no es ecu\u00e1nime en la prensa\u00bb"},"content":{"rendered":"<p style=\"text-align: justify;\">Candidatos oficialistas que se reunieron con observadores internacionales realizaron cuestionamientos en contra del abordaje que dan los medios de comunicaci\u00f3n a las elecciones presidenciales del 30 de abril pr\u00f3ximo.<!--more--><\/p>\n<p style=\"text-align: justify;\">En este contexto, seg\u00fan publicaciones de Elecciones.com.py, los candidatos colorados resaltaron a los observadores que \u00abla ANR no tiene problemas econ\u00f3micos, en tanto, el Partido Liberal Radical Aut\u00e9ntico (PLRA) tiene varias demandas, incluso con atraso en el pago a sus funcionarios y tambi\u00e9n con el seguro del Instituto de Previsi\u00f3n Social (IPS)\u00bb. Agregaron que,\u00a0 \u00absin embargo, la prensa, insiste que la ANR no consigue el pr\u00e9stamo para las elecciones y no habla de c\u00f3mo el PLRA se financia en el proceso electoral\u00bb.<\/p>\n<p style=\"text-align: justify;\">Los postulantes colorados se\u00f1alaron adem\u00e1s a los integrantes de las misiones de observaci\u00f3n que \u00abpese al esfuerzo de un sector de la prensa de cargar s\u00f3lo sobre la administraci\u00f3n colorada, la magia de las redes sociales y medios digitales independientes muestran la realidad de los opositores\u00bb.<\/p>\n<p style=\"text-align: justify;\">Aseguran adem\u00e1s que esta \u00abactitud discriminatoria\u00bb, beneficia a la ANR, lejos de perjudicar, ya que la ciudadan\u00eda percibe una abierta campa\u00f1a contra la dupla colorada y apoyo a los candidatos de la Concertaci\u00f3n.<\/p>\n<p style=\"text-align: justify;\">La conclusi\u00f3n de los referentes del Partido Colorado, seg\u00fan la publicaci\u00f3n period\u00edstica de Elecciones.com, \u00abla campa\u00f1a sistem\u00e1tica en portadas, noticieros, programas period\u00edsticos en radios hasta convierten a los colorados en v\u00edctimas de una coyuntura, donde se suma la mano externa que busca la ca\u00edda de la ANR del control del gobierno central\u00bb.<\/p>\n<p style=\"text-align: justify;\">Cuestionaron adem\u00e1s que los comunicadores no se hacen eco de las denuncias surgidas en contra del presidenciable de la Concertaci\u00f3n, Efra\u00edn Alegre, quien fue denunciado por el Senador Mart\u00edn Ar\u00e9valo ante la Fiscal\u00eda General del Estado, en base a una auditor\u00eda practicada por el gobierno de Fernando Lugo y que arroja como resultado un supuesto desfalco de US$ 37 millones, de la \u00e9poca en que se desempe\u00f1aba como ministro de Obras. Sin embargo, el presidenciable del Partido Colorado no cuenta con denuncia alguna, tras ejercer el cargo de ministro de Hacienda y miembro del Banco Central del Paraguay.<\/p>\n","protected":false},"excerpt":{"rendered":"<p>Candidatos oficialistas que se reunieron con observadores internacionales realizaron cuestionamientos en contra del abordaje que dan los medios de comunicaci\u00f3n a las elecciones presidenciales del 30 de abril pr\u00f3ximo.<\/p>\n","protected":false},"author":1,"featured_media":16662,"comment_status":"closed","ping_status":"open","sticky":false,"template":"","format":"standard","meta":{"sfsi_plus_gutenberg_text_before_share":"","sfsi_plus_gutenberg_show_text_before_share":"","sfsi_plus_gutenberg_icon_type":"","sfsi_plus_gutenberg_icon_alignemt":"","sfsi_plus_gutenburg_max_per_row":"","footnotes":"","_jetpack_memberships_contains_paid_content":false,"jetpack_publicize_message":"","jetpack_publicize_feature_enabled":true,"jetpack_social_post_already_shared":true,"jetpack_social_options":{"image_generator_settings":{"template":"highway","enabled":false},"version":2}},"categories":[2],"tags":[],"jetpack_publicize_connections":[],"jetpack_sharing_enabled":true,"jetpack_featured_media_url":"https:\/\/agendaparaguay.com\/v2\/wp-content\/uploads\/2020\/01\/tsje_fachada_2017.jpg","_links":{"self":[{"href":"https:\/\/agendaparaguay.com\/v2\/wp-json\/wp\/v2\/posts\/53504"}],"collection":[{"href":"https:\/\/agendaparaguay.com\/v2\/wp-json\/wp\/v2\/posts"}],"about":[{"href":"https:\/\/agendaparaguay.com\/v2\/wp-json\/wp\/v2\/types\/post"}],"author":[{"embeddable":true,"href":"https:\/\/agendaparaguay.com\/v2\/wp-json\/wp\/v2\/users\/1"}],"replies":[{"embeddable":true,"href":"https:\/\/agendaparaguay.com\/v2\/wp-json\/wp\/v2\/comments?post=53504"}],"version-history":[{"count":1,"href":"https:\/\/agendaparaguay.com\/v2\/wp-json\/wp\/v2\/posts\/53504\/revisions"}],"predecessor-version":[{"id":53505,"href":"https:\/\/agendaparaguay.com\/v2\/wp-json\/wp\/v2\/posts\/53504\/revisions\/53505"}],"wp:featuredmedia":[{"embeddable":true,"href":"https:\/\/agendaparaguay.com\/v2\/wp-json\/wp\/v2\/media\/16662"}],"wp:attachment":[{"href":"https:\/\/agendaparaguay.com\/v2\/wp-json\/wp\/v2\/media?parent=53504"}],"wp:term":[{"taxonomy":"category","embeddable":true,"href":"https:\/\/agendaparaguay.com\/v2\/wp-json\/wp\/v2\/categories?post=53504"},{"taxonomy":"post_tag","embeddable":true,"href":"https:\/\/agendaparaguay.com\/v2\/wp-json\/wp\/v2\/tags?post=53504"}],"curies":[{"name":"wp","href":"https:\/\/api.w.org\/{rel}","templated":true}]}}