{"id":53572,"date":"2023-04-17T20:10:35","date_gmt":"2023-04-18T00:10:35","guid":{"rendered":"https:\/\/agendaparaguay.com\/v2\/?p=53572"},"modified":"2023-04-18T07:14:51","modified_gmt":"2023-04-18T11:14:51","slug":"anr-confirma-que-ya-cuenta-con-fondos-para-la-financiar-las-elecciones","status":"publish","type":"post","link":"https:\/\/agendaparaguay.com\/v2\/2023\/04\/17\/anr-confirma-que-ya-cuenta-con-fondos-para-la-financiar-las-elecciones\/","title":{"rendered":"ANR confirma que ya cuenta con fondos para la financiar las elecciones"},"content":{"rendered":"<p style=\"text-align: justify;\">Comunicado mediante, la Asociaci\u00f3n Nacional Republicana, Partido Colorado, confirma a la dirigencia y la ciudadan\u00eda en general, que ya cuenta con los fondos para la financiaci\u00f3n de la jornada electoral del domingo 30 de abril pr\u00f3ximo. La distribuci\u00f3n se inicia en la fecha, aclaran.<!--more--><\/p>\n<p style=\"text-align: justify;\">En el comunicado, resaltan que \u00abatendiendo que la financiaci\u00f3n de la ANR ha marcado la agenda a niveles nunca visto en procesos electorales anteriores, que en el dia de hoy podemos confirmar, tal como se ten\u00eda planificado y dise\u00f1ado la estrategia financiera que debido a la solvencia, estabilidad financiera y transparencia en la administraci\u00f3n de los recursos de la ANR, se cuenta con fondos propios suficientes para afrontar estas elecciones generales 2023\u00bb.<\/p>\n<p style=\"text-align: justify;\">\u00abAdem\u00e1s se suma la obtenci\u00f3n de un pr\u00e9stamo, fruto de un acuerdo con el Banco Continental, y con posibilidad de hacerlos con otros entes bancarios y financieros, que podr\u00eda aumentar seg\u00fan necesidad\u00bb agrega el documento.<\/p>\n<p style=\"text-align: justify;\">\u00abAsimismo, se informa que tal como se ten\u00eda fijado, desde el d\u00eda lunes 10 de abril del cte. a\u00f1o, se empezaron a distribuir los fondos a la dirigencia a trav\u00e9s de los candidatos a Gobernadores en cada Departamento, como se hab\u00eda previsto por las autoridades partidarias y los candidatos\u00bb, a\u00f1ade el comunicado.<\/p>\n<p style=\"text-align: justify;\">Finalmente se\u00f1alan, \u00abAl pueblo Colorado, estamos cerca de una gran victoria, quiz\u00e1s la m\u00e1s grande de nuestra historia en la era democr\u00e1tica, y as\u00ed todas las paraguayas y los paraguayos vamos a estar mejor a toda m\u00e1quina\u00bb.<\/p>\n","protected":false},"excerpt":{"rendered":"<p>Comunicado mediante, la Asociaci\u00f3n Nacional Republicana, Partido Colorado, confirma a la dirigencia y la ciudadan\u00eda en general, que ya cuenta con los fondos para la financiaci\u00f3n de la jornada electoral&hellip; <\/p>\n","protected":false},"author":1,"featured_media":6095,"comment_status":"closed","ping_status":"open","sticky":false,"template":"","format":"standard","meta":{"sfsi_plus_gutenberg_text_before_share":"","sfsi_plus_gutenberg_show_text_before_share":"","sfsi_plus_gutenberg_icon_type":"","sfsi_plus_gutenberg_icon_alignemt":"","sfsi_plus_gutenburg_max_per_row":"","footnotes":"","_jetpack_memberships_contains_paid_content":false,"jetpack_publicize_message":"","jetpack_publicize_feature_enabled":true,"jetpack_social_post_already_shared":true,"jetpack_social_options":{"image_generator_settings":{"template":"highway","enabled":false},"version":2}},"categories":[2],"tags":[],"jetpack_publicize_connections":[],"jetpack_sharing_enabled":true,"jetpack_featured_media_url":"https:\/\/agendaparaguay.com\/v2\/wp-content\/uploads\/2019\/03\/anr_fachada_2.jpg","_links":{"self":[{"href":"https:\/\/agendaparaguay.com\/v2\/wp-json\/wp\/v2\/posts\/53572"}],"collection":[{"href":"https:\/\/agendaparaguay.com\/v2\/wp-json\/wp\/v2\/posts"}],"about":[{"href":"https:\/\/agendaparaguay.com\/v2\/wp-json\/wp\/v2\/types\/post"}],"author":[{"embeddable":true,"href":"https:\/\/agendaparaguay.com\/v2\/wp-json\/wp\/v2\/users\/1"}],"replies":[{"embeddable":true,"href":"https:\/\/agendaparaguay.com\/v2\/wp-json\/wp\/v2\/comments?post=53572"}],"version-history":[{"count":1,"href":"https:\/\/agendaparaguay.com\/v2\/wp-json\/wp\/v2\/posts\/53572\/revisions"}],"predecessor-version":[{"id":53573,"href":"https:\/\/agendaparaguay.com\/v2\/wp-json\/wp\/v2\/posts\/53572\/revisions\/53573"}],"wp:featuredmedia":[{"embeddable":true,"href":"https:\/\/agendaparaguay.com\/v2\/wp-json\/wp\/v2\/media\/6095"}],"wp:attachment":[{"href":"https:\/\/agendaparaguay.com\/v2\/wp-json\/wp\/v2\/media?parent=53572"}],"wp:term":[{"taxonomy":"category","embeddable":true,"href":"https:\/\/agendaparaguay.com\/v2\/wp-json\/wp\/v2\/categories?post=53572"},{"taxonomy":"post_tag","embeddable":true,"href":"https:\/\/agendaparaguay.com\/v2\/wp-json\/wp\/v2\/tags?post=53572"}],"curies":[{"name":"wp","href":"https:\/\/api.w.org\/{rel}","templated":true}]}}