{"id":53637,"date":"2023-04-19T11:00:40","date_gmt":"2023-04-19T15:00:40","guid":{"rendered":"https:\/\/agendaparaguay.com\/v2\/?p=53637"},"modified":"2023-04-19T14:34:06","modified_gmt":"2023-04-19T18:34:06","slug":"alliana-asegura-que-hay-suficientes-fondos-y-que-haran-distribucion-equitativa","status":"publish","type":"post","link":"https:\/\/agendaparaguay.com\/v2\/2023\/04\/19\/alliana-asegura-que-hay-suficientes-fondos-y-que-haran-distribucion-equitativa\/","title":{"rendered":"Alliana asegura que hay suficientes fondos y que har\u00e1n distribuci\u00f3n equitativa"},"content":{"rendered":"<p style=\"text-align: justify;\">El diputado y candidato a vicepresidente de la rep\u00fablica por el Partido Colorado, Pedro Alliana, asegur\u00f3 que cuentan con fondos suficientes para cubrir los gastos de la jornada electoral del pr\u00f3ximo 30 de abril.<!--more--><\/p>\n<p style=\"text-align: justify;\">Agreg\u00f3 que la distribuci\u00f3n de manera equitativa y descart\u00f3 que se busque beneficiar a candidatos del cartismo, ya que pasadas las internas ya existen movimientos y todo el trabajo va para la Lista 1.<\/p>\n<p style=\"text-align: justify;\">Alliana asegur\u00f3 que adem\u00e1s de contar con fondos disponibles ya en un banco de plaza, tienen dos l\u00edneas de cr\u00e9ditos que aprobaron dos entidades bancarias, pero que recurrir\u00edan al retiro solo en caso necesario.<\/p>\n<p style=\"text-align: justify;\">Habl\u00f3 adem\u00e1s de la opci\u00f3n de emitir bonos del Partido Colorado, considerando que los intereses son mucho menores que los cobrados por entes financieros. Acot\u00f3 sin embargo que con los bancos se garantiza la transparencia del uso de estos fondos.<\/p>\n<p style=\"text-align: justify;\">\u201cSi bien los bonos tambi\u00e9n vienen con n\u00famero de RUC o de c\u00e9dula y otros datos de las personas que adquieren esos bonos, creemos que es mucho m\u00e1s saludable para este proceso electoral hacerlo a trav\u00e9s de entes financieros\u201d, destac\u00f3.<\/p>\n<p style=\"text-align: justify;\">Pedro Alliana indic\u00f3 por otro lado que buscar\u00e1n instar al presidente de la rep\u00fablica a establecer v\u00eda decreto el cambio del feriado del 1 de mayo al 8 del mismo mes, atendiendo que un \u00abferiado largo\u00bb puede hacer que muchos se trasladen al interior lo que podr\u00eda evitar en alto nivel de participaci\u00f3n en los comicios.<\/p>\n","protected":false},"excerpt":{"rendered":"<p>El diputado y candidato a vicepresidente de la rep\u00fablica por el Partido Colorado, Pedro Alliana, asegur\u00f3 que cuentan con fondos suficientes para cubrir los gastos de la jornada electoral del&hellip; <\/p>\n","protected":false},"author":1,"featured_media":48006,"comment_status":"closed","ping_status":"open","sticky":false,"template":"","format":"standard","meta":{"sfsi_plus_gutenberg_text_before_share":"","sfsi_plus_gutenberg_show_text_before_share":"","sfsi_plus_gutenberg_icon_type":"","sfsi_plus_gutenberg_icon_alignemt":"","sfsi_plus_gutenburg_max_per_row":"","footnotes":"","_jetpack_memberships_contains_paid_content":false,"jetpack_publicize_message":"","jetpack_publicize_feature_enabled":true,"jetpack_social_post_already_shared":true,"jetpack_social_options":{"image_generator_settings":{"template":"highway","enabled":false},"version":2}},"categories":[2],"tags":[],"jetpack_publicize_connections":[],"jetpack_sharing_enabled":true,"jetpack_featured_media_url":"https:\/\/agendaparaguay.com\/v2\/wp-content\/uploads\/2022\/10\/pedro_alliana_octubre.jpg","_links":{"self":[{"href":"https:\/\/agendaparaguay.com\/v2\/wp-json\/wp\/v2\/posts\/53637"}],"collection":[{"href":"https:\/\/agendaparaguay.com\/v2\/wp-json\/wp\/v2\/posts"}],"about":[{"href":"https:\/\/agendaparaguay.com\/v2\/wp-json\/wp\/v2\/types\/post"}],"author":[{"embeddable":true,"href":"https:\/\/agendaparaguay.com\/v2\/wp-json\/wp\/v2\/users\/1"}],"replies":[{"embeddable":true,"href":"https:\/\/agendaparaguay.com\/v2\/wp-json\/wp\/v2\/comments?post=53637"}],"version-history":[{"count":1,"href":"https:\/\/agendaparaguay.com\/v2\/wp-json\/wp\/v2\/posts\/53637\/revisions"}],"predecessor-version":[{"id":53638,"href":"https:\/\/agendaparaguay.com\/v2\/wp-json\/wp\/v2\/posts\/53637\/revisions\/53638"}],"wp:featuredmedia":[{"embeddable":true,"href":"https:\/\/agendaparaguay.com\/v2\/wp-json\/wp\/v2\/media\/48006"}],"wp:attachment":[{"href":"https:\/\/agendaparaguay.com\/v2\/wp-json\/wp\/v2\/media?parent=53637"}],"wp:term":[{"taxonomy":"category","embeddable":true,"href":"https:\/\/agendaparaguay.com\/v2\/wp-json\/wp\/v2\/categories?post=53637"},{"taxonomy":"post_tag","embeddable":true,"href":"https:\/\/agendaparaguay.com\/v2\/wp-json\/wp\/v2\/tags?post=53637"}],"curies":[{"name":"wp","href":"https:\/\/api.w.org\/{rel}","templated":true}]}}