{"id":53670,"date":"2023-04-20T12:00:02","date_gmt":"2023-04-20T16:00:02","guid":{"rendered":"https:\/\/agendaparaguay.com\/v2\/?p=53670"},"modified":"2023-04-20T14:12:56","modified_gmt":"2023-04-20T18:12:56","slug":"diputados-convoca-a-sesion-extra-para-tratar-juicio-politico-a-jorge-bogarin","status":"publish","type":"post","link":"https:\/\/agendaparaguay.com\/v2\/2023\/04\/20\/diputados-convoca-a-sesion-extra-para-tratar-juicio-politico-a-jorge-bogarin\/","title":{"rendered":"Diputados convoca a sesi\u00f3n extra para tratar juicio pol\u00edtico a Jorge Bogar\u00edn"},"content":{"rendered":"<p style=\"text-align: justify;\">Por resoluci\u00f3n firmada por el presidente de la c\u00e1mara de Diputados, Carlos Mar\u00eda L\u00f3pez, se convoc\u00f3 a sesi\u00f3n extraordinaria para este lunes 24 a fin de tratar el libelo acusatorio presentado en contra del Dr. Jorge Bogar\u00edn Alfonso, miembro del Consejo de la Magistratura.<!--more--><\/p>\n<p style=\"text-align: justify;\">Bogar\u00edn fue declarado \u00absignificativamente corrupto\u00bb por el gobierno de Estados Unidos.<\/p>\n<p style=\"text-align: justify;\">Cabe destacar que adem\u00e1s de esta convocatoria a sesi\u00f3n extraordinaria, la c\u00e1mara baja tiene previsto llevar a cabo otra sesi\u00f3n donde se tiene como \u00fanico punto del orden del d\u00eda el an\u00e1lisis del Proyecto que Cita e Interpela al viceministro del Transporte, Oscar Stark.<\/p>\n","protected":false},"excerpt":{"rendered":"<p>Por resoluci\u00f3n firmada por el presidente de la c\u00e1mara de Diputados, Carlos Mar\u00eda L\u00f3pez, se convoc\u00f3 a sesi\u00f3n extraordinaria para este lunes 24 a fin de tratar el libelo acusatorio&hellip; <\/p>\n","protected":false},"author":1,"featured_media":46681,"comment_status":"closed","ping_status":"open","sticky":false,"template":"","format":"standard","meta":{"sfsi_plus_gutenberg_text_before_share":"","sfsi_plus_gutenberg_show_text_before_share":"","sfsi_plus_gutenberg_icon_type":"","sfsi_plus_gutenberg_icon_alignemt":"","sfsi_plus_gutenburg_max_per_row":"","footnotes":"","_jetpack_memberships_contains_paid_content":false,"jetpack_publicize_message":"","jetpack_publicize_feature_enabled":true,"jetpack_social_post_already_shared":true,"jetpack_social_options":{"image_generator_settings":{"template":"highway","enabled":false},"version":2}},"categories":[4],"tags":[],"jetpack_publicize_connections":[],"jetpack_sharing_enabled":true,"jetpack_featured_media_url":"https:\/\/agendaparaguay.com\/v2\/wp-content\/uploads\/2022\/08\/carlos_maria_lopez_pdte.jpg","_links":{"self":[{"href":"https:\/\/agendaparaguay.com\/v2\/wp-json\/wp\/v2\/posts\/53670"}],"collection":[{"href":"https:\/\/agendaparaguay.com\/v2\/wp-json\/wp\/v2\/posts"}],"about":[{"href":"https:\/\/agendaparaguay.com\/v2\/wp-json\/wp\/v2\/types\/post"}],"author":[{"embeddable":true,"href":"https:\/\/agendaparaguay.com\/v2\/wp-json\/wp\/v2\/users\/1"}],"replies":[{"embeddable":true,"href":"https:\/\/agendaparaguay.com\/v2\/wp-json\/wp\/v2\/comments?post=53670"}],"version-history":[{"count":1,"href":"https:\/\/agendaparaguay.com\/v2\/wp-json\/wp\/v2\/posts\/53670\/revisions"}],"predecessor-version":[{"id":53671,"href":"https:\/\/agendaparaguay.com\/v2\/wp-json\/wp\/v2\/posts\/53670\/revisions\/53671"}],"wp:featuredmedia":[{"embeddable":true,"href":"https:\/\/agendaparaguay.com\/v2\/wp-json\/wp\/v2\/media\/46681"}],"wp:attachment":[{"href":"https:\/\/agendaparaguay.com\/v2\/wp-json\/wp\/v2\/media?parent=53670"}],"wp:term":[{"taxonomy":"category","embeddable":true,"href":"https:\/\/agendaparaguay.com\/v2\/wp-json\/wp\/v2\/categories?post=53670"},{"taxonomy":"post_tag","embeddable":true,"href":"https:\/\/agendaparaguay.com\/v2\/wp-json\/wp\/v2\/tags?post=53670"}],"curies":[{"name":"wp","href":"https:\/\/api.w.org\/{rel}","templated":true}]}}