{"id":53884,"date":"2023-04-27T17:30:50","date_gmt":"2023-04-27T21:30:50","guid":{"rendered":"https:\/\/agendaparaguay.com\/v2\/?p=53884"},"modified":"2023-04-27T16:45:41","modified_gmt":"2023-04-27T20:45:41","slug":"paraguay-sera-sede-de-proximo-congreso-regional-sobre-acceso-a-la-informacion-publica","status":"publish","type":"post","link":"https:\/\/agendaparaguay.com\/v2\/2023\/04\/27\/paraguay-sera-sede-de-proximo-congreso-regional-sobre-acceso-a-la-informacion-publica\/","title":{"rendered":"Paraguay ser\u00e1 sede de pr\u00f3ximo congreso regional sobre Acceso a la Informaci\u00f3n P\u00fablica"},"content":{"rendered":"<p style=\"text-align: justify;\">Nuestro pa\u00eds ser\u00e1 sede del XXV Encuentro de la Red de Transparencia y Acceso a la Informaci\u00f3n (RTA), donde el Ministerio de Justicia ser\u00e1 el anfitri\u00f3n del evento internacional en noviembre de 2023. El director de Acceso a la Informaci\u00f3n P\u00fablica Mario Ovelar, destac\u00f3 la elecci\u00f3n y la asumi\u00f3 como un compromiso de gesti\u00f3n y reconocimiento a los avances que muestra el Paraguay.<!--more--><\/p>\n<p style=\"text-align: justify;\">La decisi\u00f3n fue tomada en plenaria, entorno al XXIV Encuentro de Asamblea en la ciudad de Buenos Aires, Argentina, sesi\u00f3n oficial del bloque que sirvi\u00f3 para actualizar pol\u00edticas p\u00fablicas sobre el \u00abFortalecimiento de la Democracia: Pol\u00edticas de Transparencia, Participaci\u00f3n Social y Derechos Humanos\u00bb.<\/p>\n<p style=\"text-align: justify;\">En ese sentido, representantes del Departamento de Derecho Internacional de la Organizaci\u00f3n de Estados Americanos (OEA) presentaron los principios actualizados sobre la \u201cPrivacidad y la Protecci\u00f3n de Datos Personales\u201d.<\/p>\n<p style=\"text-align: justify;\">Otro de los puntos analizados fue la vinculaci\u00f3n de la organizaci\u00f3n con el Centro para el Derecho y la Democracia en la \u201cMetodolog\u00eda para evaluar la solidez de la implementaci\u00f3n de las leyes de acceso a la informaci\u00f3n\u201d.<\/p>\n<p style=\"text-align: justify;\">En uso de palabra, el director de Acceso a la Informaci\u00f3n P\u00fablica del Ministerio de Justicia de Paraguay Mario Ovelar, proyect\u00f3 el encuentro en Asunci\u00f3n como un \u00e1mbito para intercambiar ideas acerca de c\u00f3mo mejorar el acceso a la informaci\u00f3n en nuestros respectivos pa\u00edses, y para asumir compromisos concretos.<\/p>\n<p style=\"text-align: justify;\">\u201cCreo que todos sabemos los importantes retos que enfrentamos en cuanto al acceso a la informaci\u00f3n. En un mundo cada vez m\u00e1s complejo, es fundamental que la sociedad de toda Am\u00e9rica tenga acceso a una informaci\u00f3n completa y transparente de todas las acciones que realizamos como gobierno\u201d, dijo Ovelar.<\/p>\n<p style=\"text-align: justify;\">En 2010, con el apoyo del Banco Mundial y cinco pa\u00edses, se fund\u00f3 la RTA como un espacio de intercambio de experiencias, di\u00e1logos y buenas pr\u00e1cticas de acceso a la informaci\u00f3n y transparencia, con el objetivo de apoyar la implementaci\u00f3n y alcance de estos derechos en la regi\u00f3n.<\/p>\n<p>La red est\u00e1 integrada por 35 autoridades de 18 pa\u00edses iberoamericanos, una fundaci\u00f3n internacional, una red internacional, una red federal de Argentina, dos organismos internacionales y una autoridad observadora.<\/p>\n","protected":false},"excerpt":{"rendered":"<p>Nuestro pa\u00eds ser\u00e1 sede del XXV Encuentro de la Red de Transparencia y Acceso a la Informaci\u00f3n (RTA), donde el Ministerio de Justicia ser\u00e1 el anfitri\u00f3n del evento internacional en&hellip; <\/p>\n","protected":false},"author":1,"featured_media":53885,"comment_status":"closed","ping_status":"open","sticky":false,"template":"","format":"standard","meta":{"sfsi_plus_gutenberg_text_before_share":"","sfsi_plus_gutenberg_show_text_before_share":"","sfsi_plus_gutenberg_icon_type":"","sfsi_plus_gutenberg_icon_alignemt":"","sfsi_plus_gutenburg_max_per_row":"","footnotes":"","_jetpack_memberships_contains_paid_content":false,"jetpack_publicize_message":"","jetpack_publicize_feature_enabled":true,"jetpack_social_post_already_shared":true,"jetpack_social_options":{"image_generator_settings":{"template":"highway","enabled":false},"version":2}},"categories":[2],"tags":[],"jetpack_publicize_connections":[],"jetpack_sharing_enabled":true,"jetpack_featured_media_url":"https:\/\/agendaparaguay.com\/v2\/wp-content\/uploads\/2023\/04\/seminario_acceso_a_informacion_publica.jpg","_links":{"self":[{"href":"https:\/\/agendaparaguay.com\/v2\/wp-json\/wp\/v2\/posts\/53884"}],"collection":[{"href":"https:\/\/agendaparaguay.com\/v2\/wp-json\/wp\/v2\/posts"}],"about":[{"href":"https:\/\/agendaparaguay.com\/v2\/wp-json\/wp\/v2\/types\/post"}],"author":[{"embeddable":true,"href":"https:\/\/agendaparaguay.com\/v2\/wp-json\/wp\/v2\/users\/1"}],"replies":[{"embeddable":true,"href":"https:\/\/agendaparaguay.com\/v2\/wp-json\/wp\/v2\/comments?post=53884"}],"version-history":[{"count":1,"href":"https:\/\/agendaparaguay.com\/v2\/wp-json\/wp\/v2\/posts\/53884\/revisions"}],"predecessor-version":[{"id":53886,"href":"https:\/\/agendaparaguay.com\/v2\/wp-json\/wp\/v2\/posts\/53884\/revisions\/53886"}],"wp:featuredmedia":[{"embeddable":true,"href":"https:\/\/agendaparaguay.com\/v2\/wp-json\/wp\/v2\/media\/53885"}],"wp:attachment":[{"href":"https:\/\/agendaparaguay.com\/v2\/wp-json\/wp\/v2\/media?parent=53884"}],"wp:term":[{"taxonomy":"category","embeddable":true,"href":"https:\/\/agendaparaguay.com\/v2\/wp-json\/wp\/v2\/categories?post=53884"},{"taxonomy":"post_tag","embeddable":true,"href":"https:\/\/agendaparaguay.com\/v2\/wp-json\/wp\/v2\/tags?post=53884"}],"curies":[{"name":"wp","href":"https:\/\/api.w.org\/{rel}","templated":true}]}}