{"id":53906,"date":"2023-04-28T12:00:54","date_gmt":"2023-04-28T16:00:54","guid":{"rendered":"https:\/\/agendaparaguay.com\/v2\/?p=53906"},"modified":"2023-04-28T12:21:42","modified_gmt":"2023-04-28T16:21:42","slug":"importante-encuentro-entre-ministros-de-justicia-de-paraguay-y-colombia","status":"publish","type":"post","link":"https:\/\/agendaparaguay.com\/v2\/2023\/04\/28\/importante-encuentro-entre-ministros-de-justicia-de-paraguay-y-colombia\/","title":{"rendered":"Importante encuentro entre ministros de Justicia de Paraguay y Colombia"},"content":{"rendered":"<p style=\"text-align: justify;\">El ministro de Justicia, doctor Alberto Daniel Ben\u00edtez Romero, y el ministro de Justicia y Derecho de Colombia, doctor N\u00e9stor Osuna Pati\u00f1o, mantuvieron una importante reuni\u00f3n en el Ministerio de Justicia y Derecho de Colombia.<!--more--><\/p>\n<p style=\"text-align: justify;\">Durante el encuentro, ambos ministros destacaron la importancia del fortalecimiento de los lazos entre las carteras de justicia de ambos pa\u00edses, con el objetivo de intercambiar experiencias en materia de capacitaci\u00f3n de los agentes penitenciarios, pol\u00edtica criminal e inteligencia penitenciaria, enfatizando la humanizaci\u00f3n de todo el sistema.<\/p>\n<p style=\"text-align: justify;\">Asimismo, se convers\u00f3 sobre temas relacionados con el acceso a la justicia, casas de justicia y convivencia ciudadana, entre otros. Los ministros coincidieron en el impacto positivo que generan las \u201cCasas de Justicia\u201d en las zonas que requieren mayor presencia institucional, espacio en el cual se brinda servicios de informaci\u00f3n, orientaci\u00f3n y conciliaci\u00f3n de conflictos, a los efectos de promover las condiciones de igualdad entre todos los ciudadanos.<\/p>\n<p style=\"text-align: justify;\">El ministro Osuna destac\u00f3 el acercamiento y la relaci\u00f3n de amistad que existe entre ambos pa\u00edses, mientras que el ministro Ben\u00edtez Romero agradeci\u00f3 las atenciones recibidas y manifest\u00f3 su inter\u00e9s en conocer el trabajo, especialmente en el manejo penitenciario en Colombia, y coment\u00f3 las experiencias del Paraguay en las \u00e1reas abordadas.<\/p>\n<p style=\"text-align: justify;\">La reuni\u00f3n cont\u00f3 con la participaci\u00f3n de la embajadora de Paraguay en Colombia, Sophia L\u00f3pez Garelli; el ministro de la Embajada de Paraguay en Colombia, Francisco Barreiro Perrotta; la directora de Asuntos Internacionales del Ministerio de Justicia de Paraguay, abogada Claudia Sosa; y la consejera de la Embajada del Paraguay en Colombia, Mar\u00eda Romy Romero. Por parte de Colombia, participaron, el director de Pol\u00edtica Criminal y Penitenciaria, doctor Diego Olarte; y director de Asuntos Internacionales, doctor Nicol\u00e1s Murgueitio.<\/p>\n<p style=\"text-align: justify;\">Con este tipo de encuentros, se busca fortalecer las relaciones bilaterales entre ambos pa\u00edses y compartir experiencias y buenas pr\u00e1cticas en materia de justicia.<\/p>\n<p style=\"text-align: justify;\">Las Casas de Justicia son espacios que el Ministerio de Justicia de Paraguay ha creado con el fin de brindar servicios de informaci\u00f3n, orientaci\u00f3n y conciliaci\u00f3n de conflictos en zonas donde se requiere mayor presencia institucional.<\/p>\n<p style=\"text-align: justify;\">Estos espacios promueven las condiciones de igualdad entre todos los ciudadanos y buscan fomentar la convivencia ciudadana. En las Casas de Justicia se brinda asesoramiento jur\u00eddico y social a las personas, as\u00ed como servicios de mediaci\u00f3n y conciliaci\u00f3n en conflictos vecinales, familiares, comunitarios y laborales.<\/p>\n<p style=\"text-align: justify;\">Adem\u00e1s, se ofrecen talleres, charlas y capacitaciones en temas de inter\u00e9s general para la poblaci\u00f3n. Las Casas de Justicia son un ejemplo de c\u00f3mo el Ministerio de Justicia busca acercar la justicia a la ciudadan\u00eda y generar un impacto positivo en la sociedad.<\/p>\n","protected":false},"excerpt":{"rendered":"<p>El ministro de Justicia, doctor Alberto Daniel Ben\u00edtez Romero, y el ministro de Justicia y Derecho de Colombia, doctor N\u00e9stor Osuna Pati\u00f1o, mantuvieron una importante reuni\u00f3n en el Ministerio de&hellip; <\/p>\n","protected":false},"author":1,"featured_media":53907,"comment_status":"closed","ping_status":"open","sticky":false,"template":"","format":"standard","meta":{"sfsi_plus_gutenberg_text_before_share":"","sfsi_plus_gutenberg_show_text_before_share":"","sfsi_plus_gutenberg_icon_type":"","sfsi_plus_gutenberg_icon_alignemt":"","sfsi_plus_gutenburg_max_per_row":"","footnotes":"","_jetpack_memberships_contains_paid_content":false,"jetpack_publicize_message":"","jetpack_publicize_feature_enabled":true,"jetpack_social_post_already_shared":true,"jetpack_social_options":{"image_generator_settings":{"template":"highway","enabled":false},"version":2}},"categories":[2],"tags":[],"jetpack_publicize_connections":[],"jetpack_sharing_enabled":true,"jetpack_featured_media_url":"https:\/\/agendaparaguay.com\/v2\/wp-content\/uploads\/2023\/04\/firma_acuerdo_justicia.jpg","_links":{"self":[{"href":"https:\/\/agendaparaguay.com\/v2\/wp-json\/wp\/v2\/posts\/53906"}],"collection":[{"href":"https:\/\/agendaparaguay.com\/v2\/wp-json\/wp\/v2\/posts"}],"about":[{"href":"https:\/\/agendaparaguay.com\/v2\/wp-json\/wp\/v2\/types\/post"}],"author":[{"embeddable":true,"href":"https:\/\/agendaparaguay.com\/v2\/wp-json\/wp\/v2\/users\/1"}],"replies":[{"embeddable":true,"href":"https:\/\/agendaparaguay.com\/v2\/wp-json\/wp\/v2\/comments?post=53906"}],"version-history":[{"count":1,"href":"https:\/\/agendaparaguay.com\/v2\/wp-json\/wp\/v2\/posts\/53906\/revisions"}],"predecessor-version":[{"id":53908,"href":"https:\/\/agendaparaguay.com\/v2\/wp-json\/wp\/v2\/posts\/53906\/revisions\/53908"}],"wp:featuredmedia":[{"embeddable":true,"href":"https:\/\/agendaparaguay.com\/v2\/wp-json\/wp\/v2\/media\/53907"}],"wp:attachment":[{"href":"https:\/\/agendaparaguay.com\/v2\/wp-json\/wp\/v2\/media?parent=53906"}],"wp:term":[{"taxonomy":"category","embeddable":true,"href":"https:\/\/agendaparaguay.com\/v2\/wp-json\/wp\/v2\/categories?post=53906"},{"taxonomy":"post_tag","embeddable":true,"href":"https:\/\/agendaparaguay.com\/v2\/wp-json\/wp\/v2\/tags?post=53906"}],"curies":[{"name":"wp","href":"https:\/\/api.w.org\/{rel}","templated":true}]}}