{"id":53991,"date":"2023-05-01T09:41:01","date_gmt":"2023-05-01T13:41:01","guid":{"rendered":"https:\/\/agendaparaguay.com\/v2\/?p=53991"},"modified":"2023-05-01T18:16:41","modified_gmt":"2023-05-01T22:16:41","slug":"emiten-alerta-por-tormentas-para-el-sur-del-pais-5","status":"publish","type":"post","link":"https:\/\/agendaparaguay.com\/v2\/2023\/05\/01\/emiten-alerta-por-tormentas-para-el-sur-del-pais-5\/","title":{"rendered":"Emiten alerta por tormentas para el sur del pa\u00eds"},"content":{"rendered":"<p style=\"text-align: justify;\">La direcci\u00f3n de meteorolog\u00eda anuncia lluvias con tormentas el\u00e9ctricas moderadas a fuertes, r\u00e1fagas de vientos moderadas a fuertes y la ocasional ca\u00edda de granizos.<!--more--><\/p>\n<p style=\"text-align: justify;\">El reporte se\u00f1ala que un sistema de tormenta avanza sobre el territorio nacional, debido al elevado \u00edndice de inestabilidad reinante no se descarta que generen fen\u00f3menos de tiempo severo de manera puntual sobre su \u00e1rea de cobertura durante la ma\u00f1ana de hoy, lunes 01.<\/p>\n<p style=\"text-align: justify;\">La zona de cobertura es el suroeste de la regi\u00f3n Oriental y los Departamentos afectados son oeste de Itapu\u00e1, centro y sur de Misiones, centro y sur de \u00d1eembuc\u00fa.<\/p>\n<p style=\"text-align: justify;\">\n","protected":false},"excerpt":{"rendered":"<p>La direcci\u00f3n de meteorolog\u00eda anuncia lluvias con tormentas el\u00e9ctricas moderadas a fuertes, r\u00e1fagas de vientos moderadas a fuertes y la ocasional ca\u00edda de granizos.<\/p>\n","protected":false},"author":1,"featured_media":16982,"comment_status":"closed","ping_status":"open","sticky":false,"template":"","format":"standard","meta":{"sfsi_plus_gutenberg_text_before_share":"","sfsi_plus_gutenberg_show_text_before_share":"","sfsi_plus_gutenberg_icon_type":"","sfsi_plus_gutenberg_icon_alignemt":"","sfsi_plus_gutenburg_max_per_row":"","footnotes":"","_jetpack_memberships_contains_paid_content":false,"jetpack_publicize_message":"","jetpack_publicize_feature_enabled":true,"jetpack_social_post_already_shared":true,"jetpack_social_options":{"image_generator_settings":{"template":"highway","enabled":false},"version":2}},"categories":[5],"tags":[],"jetpack_publicize_connections":[],"jetpack_sharing_enabled":true,"jetpack_featured_media_url":"https:\/\/agendaparaguay.com\/v2\/wp-content\/uploads\/2020\/01\/clima_nublado_1.jpeg","_links":{"self":[{"href":"https:\/\/agendaparaguay.com\/v2\/wp-json\/wp\/v2\/posts\/53991"}],"collection":[{"href":"https:\/\/agendaparaguay.com\/v2\/wp-json\/wp\/v2\/posts"}],"about":[{"href":"https:\/\/agendaparaguay.com\/v2\/wp-json\/wp\/v2\/types\/post"}],"author":[{"embeddable":true,"href":"https:\/\/agendaparaguay.com\/v2\/wp-json\/wp\/v2\/users\/1"}],"replies":[{"embeddable":true,"href":"https:\/\/agendaparaguay.com\/v2\/wp-json\/wp\/v2\/comments?post=53991"}],"version-history":[{"count":1,"href":"https:\/\/agendaparaguay.com\/v2\/wp-json\/wp\/v2\/posts\/53991\/revisions"}],"predecessor-version":[{"id":53992,"href":"https:\/\/agendaparaguay.com\/v2\/wp-json\/wp\/v2\/posts\/53991\/revisions\/53992"}],"wp:featuredmedia":[{"embeddable":true,"href":"https:\/\/agendaparaguay.com\/v2\/wp-json\/wp\/v2\/media\/16982"}],"wp:attachment":[{"href":"https:\/\/agendaparaguay.com\/v2\/wp-json\/wp\/v2\/media?parent=53991"}],"wp:term":[{"taxonomy":"category","embeddable":true,"href":"https:\/\/agendaparaguay.com\/v2\/wp-json\/wp\/v2\/categories?post=53991"},{"taxonomy":"post_tag","embeddable":true,"href":"https:\/\/agendaparaguay.com\/v2\/wp-json\/wp\/v2\/tags?post=53991"}],"curies":[{"name":"wp","href":"https:\/\/api.w.org\/{rel}","templated":true}]}}