{"id":54445,"date":"2023-05-16T15:21:43","date_gmt":"2023-05-16T19:21:43","guid":{"rendered":"https:\/\/agendaparaguay.com\/v2\/?p=54445"},"modified":"2023-05-16T21:01:09","modified_gmt":"2023-05-17T01:01:09","slug":"presencia-y-manipulacion-de-ninos-en-manifestaciones-de-payistas-comprueba-la-defensoria-de-la-ninez","status":"publish","type":"post","link":"https:\/\/agendaparaguay.com\/v2\/2023\/05\/16\/presencia-y-manipulacion-de-ninos-en-manifestaciones-de-payistas-comprueba-la-defensoria-de-la-ninez\/","title":{"rendered":"\u201cPresencia y manipulaci\u00f3n\u201d de ni\u00f1os en manifestaciones de payistas comprueba la Defensor\u00eda de la Ni\u00f1ez"},"content":{"rendered":"<p style=\"text-align: justify;\">Funcionarios de la Defensor\u00eda de la Ni\u00f1ez se halla en zona de las manifestaciones de los payistas para investigar la presencia y presunta utilizaci\u00f3n de ni\u00f1os.<!--more--><\/p>\n<p style=\"text-align: justify;\">\u201cDesde esta ma\u00f1ana temprano estuvimos coordinando este abordaje interinstitucional, ya que se encuentran tambi\u00e9n referentes del Ministerio de la Ni\u00f1ez y de la Adolescencia y de la CODENI de la Municipalidad de Asunci\u00f3n. Queremos que se llegue a una resoluci\u00f3n de manera pac\u00edfica. Hasta el momento se est\u00e1 logrando disipar en cierta medida la cantidad de manifestantes\u201d, dijo Ver\u00f3nica Arg\u00fcello, defensora de la Ni\u00f1ez.<\/p>\n<p style=\"text-align: justify;\">Se\u00f1al\u00f3 que se ha constatado la presencia de ni\u00f1os ind\u00edgenas y su \u201cmanipulaci\u00f3n\u201d para llevarlos a las manifestaciones. \u201cHay informaci\u00f3n en relaci\u00f3n a ciertos hechos punibles que ya fueron reportados al Ministerio P\u00fablico. Esperamos, en ese sentido, que avancen las investigaciones\u201d, indic\u00f3, citando como ejemplo los presuntos casos de abuso sexual de menores nativos que se produjeron en una vivienda abandonada ubicada en cercan\u00edas del sitio de movilizaciones.<\/p>\n<p style=\"text-align: justify;\">Afirm\u00f3 que se est\u00e1 articulando la asistencia a los ind\u00edgenas que llegaron a Asunci\u00f3n con ni\u00f1os para que sean trasladados a sus comunidades de origen. \u201cAlgunos ya refirieron querer volver\u201d, expuso Arg\u00fcello. Fuente: La Uni\u00f3n Radio y TV.<\/p>\n","protected":false},"excerpt":{"rendered":"<p>Funcionarios de la Defensor\u00eda de la Ni\u00f1ez se halla en zona de las manifestaciones de los payistas para investigar la presencia y presunta utilizaci\u00f3n de ni\u00f1os.<\/p>\n","protected":false},"author":1,"featured_media":54352,"comment_status":"closed","ping_status":"open","sticky":false,"template":"","format":"standard","meta":{"sfsi_plus_gutenberg_text_before_share":"","sfsi_plus_gutenberg_show_text_before_share":"","sfsi_plus_gutenberg_icon_type":"","sfsi_plus_gutenberg_icon_alignemt":"","sfsi_plus_gutenburg_max_per_row":"","footnotes":"","_jetpack_memberships_contains_paid_content":false,"jetpack_publicize_message":"","jetpack_publicize_feature_enabled":true,"jetpack_social_post_already_shared":true,"jetpack_social_options":{"image_generator_settings":{"template":"highway","enabled":false},"version":2}},"categories":[5],"tags":[],"jetpack_publicize_connections":[],"jetpack_sharing_enabled":true,"jetpack_featured_media_url":"https:\/\/agendaparaguay.com\/v2\/wp-content\/uploads\/2023\/05\/manifestacion_tsje_fraude.jpg","_links":{"self":[{"href":"https:\/\/agendaparaguay.com\/v2\/wp-json\/wp\/v2\/posts\/54445"}],"collection":[{"href":"https:\/\/agendaparaguay.com\/v2\/wp-json\/wp\/v2\/posts"}],"about":[{"href":"https:\/\/agendaparaguay.com\/v2\/wp-json\/wp\/v2\/types\/post"}],"author":[{"embeddable":true,"href":"https:\/\/agendaparaguay.com\/v2\/wp-json\/wp\/v2\/users\/1"}],"replies":[{"embeddable":true,"href":"https:\/\/agendaparaguay.com\/v2\/wp-json\/wp\/v2\/comments?post=54445"}],"version-history":[{"count":1,"href":"https:\/\/agendaparaguay.com\/v2\/wp-json\/wp\/v2\/posts\/54445\/revisions"}],"predecessor-version":[{"id":54446,"href":"https:\/\/agendaparaguay.com\/v2\/wp-json\/wp\/v2\/posts\/54445\/revisions\/54446"}],"wp:featuredmedia":[{"embeddable":true,"href":"https:\/\/agendaparaguay.com\/v2\/wp-json\/wp\/v2\/media\/54352"}],"wp:attachment":[{"href":"https:\/\/agendaparaguay.com\/v2\/wp-json\/wp\/v2\/media?parent=54445"}],"wp:term":[{"taxonomy":"category","embeddable":true,"href":"https:\/\/agendaparaguay.com\/v2\/wp-json\/wp\/v2\/categories?post=54445"},{"taxonomy":"post_tag","embeddable":true,"href":"https:\/\/agendaparaguay.com\/v2\/wp-json\/wp\/v2\/tags?post=54445"}],"curies":[{"name":"wp","href":"https:\/\/api.w.org\/{rel}","templated":true}]}}